{"id":25517,"date":"2025-03-20T17:04:28","date_gmt":"2025-03-20T14:04:28","guid":{"rendered":"https:\/\/www.egemtv.com\/?p=25517"},"modified":"2025-03-20T17:04:33","modified_gmt":"2025-03-20T14:04:33","slug":"sokak-hayvanlari-icin-ornek-proje","status":"publish","type":"post","link":"https:\/\/www.egemtv.com\/?p=25517","title":{"rendered":"Sokak hayvanlar\u0131 i\u00e7in \u00f6rnek proje"},"content":{"rendered":"<p>Turgutlu Belediyesi, sokak hayvanlar\u0131n\u0131n ya\u015fam \u015fartlar\u0131n\u0131 iyile\u015ftirmek ve onlara do\u011fal bir ortamda bar\u0131nma imkan\u0131 sunmak amac\u0131yla \u00f6nemli bir projeyi hayata ge\u00e7irecek.<br \/>\n<br \/>Bu kapsamda Turgutlu Belediye Ba\u015fkan\u0131 \u00c7etin Ak\u0131n, Turgutlu Kaymakam\u0131 Selami Kapankaya ve beraberindeki heyet yap\u0131lmas\u0131 planlanan do\u011fal ya\u015fam alan\u0131 projesinin uygulanaca\u011f\u0131 b\u00f6lgelerde kapsaml\u0131 incelemelerde bulundu.<br \/>\n<br \/>Turgutlu Belediyesi, sokak hayvanlar\u0131n\u0131n ya\u015fam haklar\u0131na sayg\u0131 duyan \u00f6rnek bir projeyi hayata ge\u00e7irmeye haz\u0131rlan\u0131yor. Bu kapsamda, Turgutlu Belediye Ba\u015fkan\u0131 \u00c7etin Ak\u0131n \u00f6nc\u00fcl\u00fc\u011f\u00fcnde y\u00fcr\u00fct\u00fclen saha \u00e7al\u0131\u015fmalar\u0131yla, projenin hayata ge\u00e7irilmesi planlan alanlarda kapsaml\u0131 incelemeler ger\u00e7ekle\u015ftirildi. \u0130ncelemelerde, projenin uygulanaca\u011f\u0131 alanlar\u0131n fiziki \u015fartlar\u0131, altyap\u0131 imkanlar\u0131 ve do\u011fal ya\u015fam\u0131n korunmas\u0131na y\u00f6nelik kriterler de\u011ferlendirildi. Ba\u015fkan \u00c7etin Ak\u0131n\u2019\u0131n incelemelerine Turgutlu Kaymakam\u0131 Selami Kapankaya, Belediye Ba\u015fkan Yard\u0131mc\u0131s\u0131 Evren Erba\u015f Ser, Turgutlu \u0130l\u00e7e Tar\u0131m ve Orman M\u00fcd\u00fcr\u00fc Musa \u00c7all\u0131, belediyenin daire m\u00fcd\u00fcrleri ile teknik ekipler kat\u0131ld\u0131.<\/p>\n<p>&#8220;Daha iyi \u015fartlarda ya\u015famalar\u0131 sa\u011flanacak&#8221;<br \/>\n<br \/>Turgutlu Belediye Ba\u015fkan\u0131 \u00c7etin Ak\u0131n, &#8220;Sokak hayvanlar\u0131 i\u00e7in hayata ge\u00e7irmeyi planlad\u0131\u011f\u0131m\u0131z do\u011fal ya\u015fam alan\u0131 b\u00f6lgelerini Kaymakam\u0131m\u0131z Selami Kapankaya, daire m\u00fcd\u00fcrlerimiz ve ilgili kurumlar\u0131n yetkilileriyle birlikte inceledik. Olu\u015fturaca\u011f\u0131m\u0131z tesis ve hayata ge\u00e7irece\u011fimiz \u00e7ok y\u00f6nl\u00fc projemiz can dostlar\u0131m\u0131z\u0131n do\u011fal alanlarda, daha iyi \u015fartlarda ya\u015famas\u0131n\u0131 sa\u011flayacak&#8221; dedi.<br \/><\/p>\n","protected":false},"excerpt":{"rendered":"<p>Turgutlu Belediyesi, sokak hayvanlar\u0131n\u0131n ya\u015fam \u015fartlar\u0131n\u0131 iyile\u015ftirmek ve onlara do\u011fal bir ortamda bar\u0131nma imkan\u0131 sunmak amac\u0131yla \u00f6nemli bir projeyi hayata ge\u00e7irecek. Bu kapsamda Turgutlu Belediye Ba\u015fkan\u0131 \u00c7etin Ak\u0131n, Turgutlu Kaymakam\u0131 Selami Kapankaya ve beraberindeki heyet yap\u0131lmas\u0131 planlanan do\u011fal ya\u015fam alan\u0131 projesinin uygulanaca\u011f\u0131 b\u00f6lgelerde kapsaml\u0131 incelemelerde bulundu. Turgutlu Belediyesi, sokak hayvanlar\u0131n\u0131n ya\u015fam haklar\u0131na sayg\u0131 duyan \u00f6rnek&#8230;<\/p>\n","protected":false},"author":1,"featured_media":25518,"comment_status":"open","ping_status":"open","sticky":false,"template":"","format":"standard","meta":{"_crdt_document":"","footnotes":""},"categories":[1],"tags":[],"class_list":["post-25517","post","type-post","status-publish","format-standard","has-post-thumbnail","hentry","category-guncel"],"_links":{"self":[{"href":"https:\/\/www.egemtv.com\/index.php?rest_route=\/wp\/v2\/posts\/25517","targetHints":{"allow":["GET"]}}],"collection":[{"href":"https:\/\/www.egemtv.com\/index.php?rest_route=\/wp\/v2\/posts"}],"about":[{"href":"https:\/\/www.egemtv.com\/index.php?rest_route=\/wp\/v2\/types\/post"}],"author":[{"embeddable":true,"href":"https:\/\/www.egemtv.com\/index.php?rest_route=\/wp\/v2\/users\/1"}],"replies":[{"embeddable":true,"href":"https:\/\/www.egemtv.com\/index.php?rest_route=%2Fwp%2Fv2%2Fcomments&post=25517"}],"version-history":[{"count":1,"href":"https:\/\/www.egemtv.com\/index.php?rest_route=\/wp\/v2\/posts\/25517\/revisions"}],"predecessor-version":[{"id":25519,"href":"https:\/\/www.egemtv.com\/index.php?rest_route=\/wp\/v2\/posts\/25517\/revisions\/25519"}],"wp:featuredmedia":[{"embeddable":true,"href":"https:\/\/www.egemtv.com\/index.php?rest_route=\/wp\/v2\/media\/25518"}],"wp:attachment":[{"href":"https:\/\/www.egemtv.com\/index.php?rest_route=%2Fwp%2Fv2%2Fmedia&parent=25517"}],"wp:term":[{"taxonomy":"category","embeddable":true,"href":"https:\/\/www.egemtv.com\/index.php?rest_route=%2Fwp%2Fv2%2Fcategories&post=25517"},{"taxonomy":"post_tag","embeddable":true,"href":"https:\/\/www.egemtv.com\/index.php?rest_route=%2Fwp%2Fv2%2Ftags&post=25517"}],"curies":[{"name":"wp","href":"https:\/\/api.w.org\/{rel}","templated":true}]}}