{"id":25514,"date":"2025-03-20T17:04:23","date_gmt":"2025-03-20T14:04:23","guid":{"rendered":"https:\/\/www.egemtv.com\/?p=25514"},"modified":"2025-03-20T17:04:28","modified_gmt":"2025-03-20T14:04:28","slug":"denizli-buyuksehir-belediyesinden-nevruz-kutlamasi","status":"publish","type":"post","link":"https:\/\/www.egemtv.com\/?p=25514","title":{"rendered":"Denizli B\u00fcy\u00fck\u015fehir Belediyesinden Nevruz kutlamas\u0131"},"content":{"rendered":"<p>Denizli B\u00fcy\u00fck\u015fehir Belediyesi, bahar\u0131n m\u00fcjdecisi Nevruz Bayram\u0131\u2019n\u0131 co\u015fkulu bir etkinlikle kutlayacak. 21 Mart Cuma g\u00fcn\u00fc saat 14.30\u2019da Delikli\u00e7\u0131nar Meydan\u0131\u2019nda geleneksel rit\u00fcellerin ya\u015fat\u0131laca\u011f\u0131 programda, nevruzun birlik ve yenilenme ruhu hep beraber ya\u015fanacak.<\/p>\n<p>Kutlamalar kapsam\u0131nda nevruz ate\u015fi yak\u0131larak, bereket ve sa\u011fl\u0131k dilekleriyle ate\u015fin \u00fczerinden atlanacak. \u00d6rs \u00fczerinde demir d\u00f6vme gelene\u011fi canland\u0131r\u0131larak bahar\u0131n g\u00fcc\u00fc ve dayan\u0131\u015fma ruhu vurgulanacak. T\u00fcrk d\u00fcnyas\u0131n\u0131n ezgileri dombra saz\u0131 \u015f\u00f6leniyle yank\u0131lan\u0131rken, T\u00fcrk d\u00fcnyas\u0131ndan \u00f6\u011frenciler nevruza \u00f6zel \u015fark\u0131lar seslendirecek. Geleneksel zeybek oyunu sahnelenerek k\u00fclt\u00fcrel miras ya\u015fat\u0131lacak ve etkinlik, kat\u0131l\u0131mc\u0131lar\u0131n hep birlikte oynayaca\u011f\u0131 nevruz halay\u0131 ile sona erecek.<\/p>\n<p>Ba\u015fkan \u00c7avu\u015fo\u011flu\u2019ndan davet<br \/>\n<br \/>Denizli B\u00fcy\u00fck\u015fehir Belediye Ba\u015fkan\u0131 B\u00fclent Nuri \u00c7avu\u015fo\u011flu, t\u00fcm vatanda\u015flar\u0131 bu anlaml\u0131 etkinli\u011fe davet ederek, &#8220;Nevruz, birlik ve karde\u015fli\u011fin simgesidir. Bu co\u015fkuyu hep birlikte payla\u015fmak i\u00e7in t\u00fcm hem\u015fehrilerimi kutlamalar\u0131m\u0131za bekliyoruz&#8221; dedi.<br \/><\/p>\n","protected":false},"excerpt":{"rendered":"<p>Denizli B\u00fcy\u00fck\u015fehir Belediyesi, bahar\u0131n m\u00fcjdecisi Nevruz Bayram\u0131\u2019n\u0131 co\u015fkulu bir etkinlikle kutlayacak. 21 Mart Cuma g\u00fcn\u00fc saat 14.30\u2019da Delikli\u00e7\u0131nar Meydan\u0131\u2019nda geleneksel rit\u00fcellerin ya\u015fat\u0131laca\u011f\u0131 programda, nevruzun birlik ve yenilenme ruhu hep beraber ya\u015fanacak. Kutlamalar kapsam\u0131nda nevruz ate\u015fi yak\u0131larak, bereket ve sa\u011fl\u0131k dilekleriyle ate\u015fin \u00fczerinden atlanacak. \u00d6rs \u00fczerinde demir d\u00f6vme gelene\u011fi canland\u0131r\u0131larak bahar\u0131n g\u00fcc\u00fc ve dayan\u0131\u015fma ruhu vurgulanacak&#8230;.<\/p>\n","protected":false},"author":1,"featured_media":25515,"comment_status":"open","ping_status":"open","sticky":false,"template":"","format":"standard","meta":{"_crdt_document":"","footnotes":""},"categories":[1],"tags":[],"class_list":["post-25514","post","type-post","status-publish","format-standard","has-post-thumbnail","hentry","category-guncel"],"_links":{"self":[{"href":"https:\/\/www.egemtv.com\/index.php?rest_route=\/wp\/v2\/posts\/25514","targetHints":{"allow":["GET"]}}],"collection":[{"href":"https:\/\/www.egemtv.com\/index.php?rest_route=\/wp\/v2\/posts"}],"about":[{"href":"https:\/\/www.egemtv.com\/index.php?rest_route=\/wp\/v2\/types\/post"}],"author":[{"embeddable":true,"href":"https:\/\/www.egemtv.com\/index.php?rest_route=\/wp\/v2\/users\/1"}],"replies":[{"embeddable":true,"href":"https:\/\/www.egemtv.com\/index.php?rest_route=%2Fwp%2Fv2%2Fcomments&post=25514"}],"version-history":[{"count":1,"href":"https:\/\/www.egemtv.com\/index.php?rest_route=\/wp\/v2\/posts\/25514\/revisions"}],"predecessor-version":[{"id":25516,"href":"https:\/\/www.egemtv.com\/index.php?rest_route=\/wp\/v2\/posts\/25514\/revisions\/25516"}],"wp:featuredmedia":[{"embeddable":true,"href":"https:\/\/www.egemtv.com\/index.php?rest_route=\/wp\/v2\/media\/25515"}],"wp:attachment":[{"href":"https:\/\/www.egemtv.com\/index.php?rest_route=%2Fwp%2Fv2%2Fmedia&parent=25514"}],"wp:term":[{"taxonomy":"category","embeddable":true,"href":"https:\/\/www.egemtv.com\/index.php?rest_route=%2Fwp%2Fv2%2Fcategories&post=25514"},{"taxonomy":"post_tag","embeddable":true,"href":"https:\/\/www.egemtv.com\/index.php?rest_route=%2Fwp%2Fv2%2Ftags&post=25514"}],"curies":[{"name":"wp","href":"https:\/\/api.w.org\/{rel}","templated":true}]}}