{"id":25511,"date":"2025-03-20T16:45:59","date_gmt":"2025-03-20T13:45:59","guid":{"rendered":"https:\/\/www.egemtv.com\/?p=25511"},"modified":"2025-03-20T16:46:03","modified_gmt":"2025-03-20T13:46:03","slug":"yesil-recete-operasyonunda-3-kisi-tutuklandi","status":"publish","type":"post","link":"https:\/\/www.egemtv.com\/?p=25511","title":{"rendered":"Ye\u015fil re\u00e7ete operasyonunda 3 ki\u015fi tutukland\u0131"},"content":{"rendered":"<p>Ayd\u0131n merkezli iki ilde ger\u00e7ekle\u015ftirilen operasyonda ye\u015fil re\u00e7eteye tabi ila\u00e7lar\u0131n para kar\u015f\u0131l\u0131\u011f\u0131nda re\u00e7ete edilmesiyle ilgili 3\u2019\u00fc sa\u011fl\u0131k personeli 5 \u015f\u00fcpheli yakaland\u0131. \u015e\u00fcphelilerden 3\u2019\u00fc tutuklanarak cezaevine g\u00f6nderildi.<br \/>\n<br \/>Edinilen bilgiye g\u00f6re, Ayd\u0131n Cumhuriyet Ba\u015fsavc\u0131l\u0131\u011f\u0131\u2019nca y\u00fcr\u00fct\u00fclen soru\u015fturma kapsam\u0131nda \u0130l Emniyet M\u00fcd\u00fcrl\u00fc\u011f\u00fc Narkotik Su\u00e7larla M\u00fccadele \u015eube M\u00fcd\u00fcrl\u00fc\u011f\u00fc taraf\u0131ndan uyu\u015fturucu madde ticareti ve kullan\u0131m\u0131n\u0131 \u00f6nlemeye y\u00f6nelik \u00e7al\u0131\u015fma ba\u015flat\u0131ld\u0131. Yap\u0131lan \u00e7al\u0131\u015fmalarda ye\u015fil re\u00e7eteye tabi ila\u00e7lar\u0131n para kar\u015f\u0131l\u0131\u011f\u0131nda haks\u0131z \u015fekilde re\u00e7ete edildi\u011fi tespit edildi. Bu kapsamda Ayd\u0131n ve Ordu illerinde operasyon d\u00fczenlendi. Yap\u0131lan operasyonda t\u0131bbi sekreterler A.B.K. (42) ve A.S.E. (35) ile r\u00f6ntgen teknisyeni Y.G. (52) Ayd\u0131n\u2019da yakaland\u0131. Ordu\u2019da ise B.B.G. (26) ile S.G. (20) isimli \u015f\u00fcpheliler yakaland\u0131. Haklar\u0131nda TCK-188 Uyu\u015fturucu madde ticareti yapmak su\u00e7undan adli i\u015flem yap\u0131lan \u015f\u00fcpheliler adliyeye sevk edildi. Hakim kar\u015f\u0131s\u0131na \u00e7\u0131kart\u0131lan \u015f\u00fcphelilerden t\u0131bbi sekreter A.S.E., r\u00f6ntgen teknisyeni Y.G. ile B.B.G. tutuklanarak cezaevine g\u00f6nderilirken A.B.K. ve S.G. adli kontrolle serbest b\u0131rak\u0131ld\u0131.<br \/><\/p>\n","protected":false},"excerpt":{"rendered":"<p>Ayd\u0131n merkezli iki ilde ger\u00e7ekle\u015ftirilen operasyonda ye\u015fil re\u00e7eteye tabi ila\u00e7lar\u0131n para kar\u015f\u0131l\u0131\u011f\u0131nda re\u00e7ete edilmesiyle ilgili 3\u2019\u00fc sa\u011fl\u0131k personeli 5 \u015f\u00fcpheli yakaland\u0131. \u015e\u00fcphelilerden 3\u2019\u00fc tutuklanarak cezaevine g\u00f6nderildi. Edinilen bilgiye g\u00f6re, Ayd\u0131n Cumhuriyet Ba\u015fsavc\u0131l\u0131\u011f\u0131\u2019nca y\u00fcr\u00fct\u00fclen soru\u015fturma kapsam\u0131nda \u0130l Emniyet M\u00fcd\u00fcrl\u00fc\u011f\u00fc Narkotik Su\u00e7larla M\u00fccadele \u015eube M\u00fcd\u00fcrl\u00fc\u011f\u00fc taraf\u0131ndan uyu\u015fturucu madde ticareti ve kullan\u0131m\u0131n\u0131 \u00f6nlemeye y\u00f6nelik \u00e7al\u0131\u015fma ba\u015flat\u0131ld\u0131. Yap\u0131lan \u00e7al\u0131\u015fmalarda&#8230;<\/p>\n","protected":false},"author":1,"featured_media":25512,"comment_status":"open","ping_status":"open","sticky":false,"template":"","format":"standard","meta":{"_crdt_document":"","footnotes":""},"categories":[5],"tags":[],"class_list":["post-25511","post","type-post","status-publish","format-standard","has-post-thumbnail","hentry","category-asayis"],"_links":{"self":[{"href":"https:\/\/www.egemtv.com\/index.php?rest_route=\/wp\/v2\/posts\/25511","targetHints":{"allow":["GET"]}}],"collection":[{"href":"https:\/\/www.egemtv.com\/index.php?rest_route=\/wp\/v2\/posts"}],"about":[{"href":"https:\/\/www.egemtv.com\/index.php?rest_route=\/wp\/v2\/types\/post"}],"author":[{"embeddable":true,"href":"https:\/\/www.egemtv.com\/index.php?rest_route=\/wp\/v2\/users\/1"}],"replies":[{"embeddable":true,"href":"https:\/\/www.egemtv.com\/index.php?rest_route=%2Fwp%2Fv2%2Fcomments&post=25511"}],"version-history":[{"count":1,"href":"https:\/\/www.egemtv.com\/index.php?rest_route=\/wp\/v2\/posts\/25511\/revisions"}],"predecessor-version":[{"id":25513,"href":"https:\/\/www.egemtv.com\/index.php?rest_route=\/wp\/v2\/posts\/25511\/revisions\/25513"}],"wp:featuredmedia":[{"embeddable":true,"href":"https:\/\/www.egemtv.com\/index.php?rest_route=\/wp\/v2\/media\/25512"}],"wp:attachment":[{"href":"https:\/\/www.egemtv.com\/index.php?rest_route=%2Fwp%2Fv2%2Fmedia&parent=25511"}],"wp:term":[{"taxonomy":"category","embeddable":true,"href":"https:\/\/www.egemtv.com\/index.php?rest_route=%2Fwp%2Fv2%2Fcategories&post=25511"},{"taxonomy":"post_tag","embeddable":true,"href":"https:\/\/www.egemtv.com\/index.php?rest_route=%2Fwp%2Fv2%2Ftags&post=25511"}],"curies":[{"name":"wp","href":"https:\/\/api.w.org\/{rel}","templated":true}]}}