{"id":25508,"date":"2025-03-20T16:45:54","date_gmt":"2025-03-20T13:45:54","guid":{"rendered":"https:\/\/www.egemtv.com\/?p=25508"},"modified":"2025-03-20T16:45:58","modified_gmt":"2025-03-20T13:45:58","slug":"izmir-buyuksehir-belediyesi-kacak-yapilarin-yikimina-basladi","status":"publish","type":"post","link":"https:\/\/www.egemtv.com\/?p=25508","title":{"rendered":"\u0130zmir B\u00fcy\u00fck\u015fehir Belediyesi ka\u00e7ak yap\u0131lar\u0131n y\u0131k\u0131m\u0131na ba\u015flad\u0131"},"content":{"rendered":"<p>\u0130zmir B\u00fcy\u00fck\u015fehir Belediyesi Buca il\u00e7esinde kamuya ait alanlar\u0131 i\u015fgal eden ka\u00e7ak yap\u0131lar\u0131n y\u0131k\u0131m\u0131na ba\u015flad\u0131. Zab\u0131ta ekipleri ayr\u0131ca izinsiz yap\u0131lan \u00fcst \u00f6rt\u00fclerle, ye\u015fil alanlardaki masa ve sandalyelerin kald\u0131r\u0131lmas\u0131n\u0131 sa\u011flad\u0131.<br \/>\n<br \/>\u0130zmir B\u00fcy\u00fck\u015fehir Belediyesi Zab\u0131ta Dairesi Ba\u015fkanl\u0131\u011f\u0131, Buca Forbes Caddesi\u2019nde ye\u015fil alanlar \u00fczerine kurulan ka\u00e7ak yap\u0131lara kar\u015f\u0131 harekete ge\u00e7ti. Belediye Enc\u00fcmeni taraf\u0131ndan, Belediye Emir ve Yasaklar\u0131 Y\u00f6netmeli\u011fi uyar\u0131nca al\u0131nan karar sonras\u0131 i\u015fletmelere i\u015fgali sonland\u0131rmalar\u0131 i\u00e7in gerekli yasal s\u00fcre verildi. Verilen s\u00fcreye ra\u011fmen i\u015fgale son verilmemesi \u00fczerine, sabah saatlerinde tahliye i\u015flemleri ba\u015flat\u0131ld\u0131. 7 i\u015fletmenin mekanlar\u0131n\u0131n kar\u015f\u0131s\u0131na koydu\u011fu masa ve sandalyeler kald\u0131r\u0131ld\u0131, \u00fcst \u00f6rt\u00fcler s\u00f6k\u00fcld\u00fc. Baz\u0131 i\u015fletmeler i\u015fgal etti\u011fi alan\u0131 kendi imkanlar\u0131yla bo\u015falt\u0131rken, baz\u0131lar\u0131nda ise zab\u0131ta ekiplerince i\u015flem yap\u0131ld\u0131. Ekipler, toplad\u0131klar\u0131 malzemeleri tutanak kar\u015f\u0131l\u0131\u011f\u0131nda sahiplerine teslim etti.<\/p>\n<p>Usuls\u00fcz i\u015flemlere son veriliyor<br \/>\n<br \/>Zab\u0131ta Denetim \u015eube M\u00fcd\u00fcrl\u00fc\u011f\u00fc\u2019nde g\u00f6revli Zab\u0131ta Amiri Vedat Ayy\u0131ld\u0131z, Buca\u2019da kamusal alanlar\u0131n i\u015fgalinin s\u00f6z konusu oldu\u011funu belirtti. Vedat Ayy\u0131ld\u0131z, &#8220;Forbes Caddesi\u2019nin sonunda bulunan ye\u015fil alanlar, b\u00f6lgede bulunan esnaf\u0131m\u0131z taraf\u0131ndan i\u015fgal edilmi\u015f durumda. Buralara masa, sandalye konulmu\u015f, \u00fcst yap\u0131 yap\u0131lm\u0131\u015f. Tente, branda konulmu\u015f. Enc\u00fcmen karar\u0131 kendilerine ula\u015ft\u0131r\u0131ld\u0131 ve gere\u011fi yap\u0131ld\u0131&#8221; dedi.<\/p>\n<p>&#8220;Ye\u015fil alanlar halk\u0131nd\u0131r&#8221;<br \/>\n<br \/>\u0130zinsiz ka\u00e7ak yap\u0131lar\u0131n ve i\u015fgallerin ye\u015fil alanlarda yo\u011funla\u015ft\u0131\u011f\u0131na dikkat \u00e7eken Ayy\u0131ld\u0131z, &#8220;Kamusal alanlar, halka ait alanlard\u0131r. Buralara y\u00f6nelik herhangi bir i\u015fgal s\u00f6z konusu olamaz. Vatanda\u015fa sunulan halka a\u00e7\u0131k alanlar\u0131n bu \u015fekilde i\u015fgal edilmesine kar\u015f\u0131 kararl\u0131l\u0131kla m\u00fccadele ediyoruz&#8221; diye konu\u015ftu.<br \/>\n<br \/>Ka\u00e7ak yap\u0131lar\u0131n kald\u0131r\u0131lmas\u0131 sonras\u0131 bu alanlar yeniden ye\u015fil alan olarak d\u00fczenlenecek ve halk\u0131n kullan\u0131m\u0131na sunulacak.<br \/><\/p>\n","protected":false},"excerpt":{"rendered":"<p>\u0130zmir B\u00fcy\u00fck\u015fehir Belediyesi Buca il\u00e7esinde kamuya ait alanlar\u0131 i\u015fgal eden ka\u00e7ak yap\u0131lar\u0131n y\u0131k\u0131m\u0131na ba\u015flad\u0131. Zab\u0131ta ekipleri ayr\u0131ca izinsiz yap\u0131lan \u00fcst \u00f6rt\u00fclerle, ye\u015fil alanlardaki masa ve sandalyelerin kald\u0131r\u0131lmas\u0131n\u0131 sa\u011flad\u0131. \u0130zmir B\u00fcy\u00fck\u015fehir Belediyesi Zab\u0131ta Dairesi Ba\u015fkanl\u0131\u011f\u0131, Buca Forbes Caddesi\u2019nde ye\u015fil alanlar \u00fczerine kurulan ka\u00e7ak yap\u0131lara kar\u015f\u0131 harekete ge\u00e7ti. Belediye Enc\u00fcmeni taraf\u0131ndan, Belediye Emir ve Yasaklar\u0131 Y\u00f6netmeli\u011fi uyar\u0131nca&#8230;<\/p>\n","protected":false},"author":1,"featured_media":25509,"comment_status":"open","ping_status":"open","sticky":false,"template":"","format":"standard","meta":{"_crdt_document":"","footnotes":""},"categories":[1],"tags":[],"class_list":["post-25508","post","type-post","status-publish","format-standard","has-post-thumbnail","hentry","category-guncel"],"_links":{"self":[{"href":"https:\/\/www.egemtv.com\/index.php?rest_route=\/wp\/v2\/posts\/25508","targetHints":{"allow":["GET"]}}],"collection":[{"href":"https:\/\/www.egemtv.com\/index.php?rest_route=\/wp\/v2\/posts"}],"about":[{"href":"https:\/\/www.egemtv.com\/index.php?rest_route=\/wp\/v2\/types\/post"}],"author":[{"embeddable":true,"href":"https:\/\/www.egemtv.com\/index.php?rest_route=\/wp\/v2\/users\/1"}],"replies":[{"embeddable":true,"href":"https:\/\/www.egemtv.com\/index.php?rest_route=%2Fwp%2Fv2%2Fcomments&post=25508"}],"version-history":[{"count":1,"href":"https:\/\/www.egemtv.com\/index.php?rest_route=\/wp\/v2\/posts\/25508\/revisions"}],"predecessor-version":[{"id":25510,"href":"https:\/\/www.egemtv.com\/index.php?rest_route=\/wp\/v2\/posts\/25508\/revisions\/25510"}],"wp:featuredmedia":[{"embeddable":true,"href":"https:\/\/www.egemtv.com\/index.php?rest_route=\/wp\/v2\/media\/25509"}],"wp:attachment":[{"href":"https:\/\/www.egemtv.com\/index.php?rest_route=%2Fwp%2Fv2%2Fmedia&parent=25508"}],"wp:term":[{"taxonomy":"category","embeddable":true,"href":"https:\/\/www.egemtv.com\/index.php?rest_route=%2Fwp%2Fv2%2Fcategories&post=25508"},{"taxonomy":"post_tag","embeddable":true,"href":"https:\/\/www.egemtv.com\/index.php?rest_route=%2Fwp%2Fv2%2Ftags&post=25508"}],"curies":[{"name":"wp","href":"https:\/\/api.w.org\/{rel}","templated":true}]}}