{"id":25505,"date":"2025-03-20T16:23:50","date_gmt":"2025-03-20T13:23:50","guid":{"rendered":"https:\/\/www.egemtv.com\/?p=25505"},"modified":"2025-03-20T16:23:57","modified_gmt":"2025-03-20T13:23:57","slug":"muglada-cift-teker-tek-hayat-projesiyle-motosiklet-guvenligi-icin-farkindalik-olusturuldu","status":"publish","type":"post","link":"https:\/\/www.egemtv.com\/?p=25505","title":{"rendered":"Mu\u011fla\u2019da &#8220;\u00c7ift Teker, Tek Hayat&#8221; projesiyle motosiklet g\u00fcvenli\u011fi i\u00e7in fark\u0131ndal\u0131k olu\u015fturuldu"},"content":{"rendered":"<p>Mu\u011fla S\u0131tk\u0131 Ko\u00e7man \u00dcniversitesi (MSK\u00dc) T\u0131p Fak\u00fcltesi 1. s\u0131n\u0131f \u00f6\u011frencileri, Ortopedi ve Travmatoloji Uzman\u0131 Do\u00e7. Dr. Ula\u015f Akg\u00fcn \u00f6nc\u00fcl\u00fc\u011f\u00fcnde &#8220;\u00c7ift Teker, Tek Hayat&#8221; slogan\u0131yla motosiklet kazalar\u0131na dikkat \u00e7ekmek ve bu kazalar\u0131n \u00f6nlenmesi i\u00e7in fark\u0131ndal\u0131k olu\u015fturmak amac\u0131yla bilgilendirme stand\u0131 kurdu.<\/p>\n<p>Motosiklet kazalar\u0131 ve g\u00fcvenli\u011fi konusunda vatanda\u015flar\u0131 bilin\u00e7lendirmek amac\u0131yla d\u00fczenlenen etkinlikte, motosiklet kullan\u0131m\u0131nda dikkat edilmesi gereken hususlar vurguland\u0131.<\/p>\n<p>&#8220;T\u00fcrkiye\u2019de motosiklet kazalar\u0131 ve Mu\u011fla\u2019daki durum&#8221;<br \/>\n<br \/>Etkinlik kapsam\u0131nda konu\u015fan Do\u00e7. Dr. Ula\u015f Akg\u00fcn, T\u00fcrkiye\u2019de motosiklet say\u0131s\u0131n\u0131n 6 milyona yakla\u015ft\u0131\u011f\u0131n\u0131, Mu\u011fla\u2019n\u0131n ise motosiklet say\u0131s\u0131 bak\u0131m\u0131ndan \u00fclke genelinde 5. s\u0131rada yer ald\u0131\u011f\u0131n\u0131 belirtti. Sosyo-ekonomik nedenlerden dolay\u0131 motosiklet kullan\u0131m\u0131n\u0131n artt\u0131\u011f\u0131n\u0131 ifade eden Akg\u00fcn, T\u00fcrkiye\u2019de her g\u00fcn ortalama 300 motosiklet kazas\u0131 ya\u015fand\u0131\u011f\u0131n\u0131 ve bu kazalar sonucunda bir\u00e7ok ki\u015finin hayat\u0131n\u0131 kaybetti\u011fini, sakat kald\u0131\u011f\u0131n\u0131 ve i\u015f g\u00fcc\u00fc kayb\u0131na u\u011frad\u0131\u011f\u0131n\u0131 dile getirdi.<\/p>\n<p>Kazalar\u0131n \u00f6nlenmesi i\u00e7in motosiklet g\u00fcvenli\u011fi fark\u0131ndal\u0131k etkinliklerinin b\u00fcy\u00fck \u00f6nem ta\u015f\u0131d\u0131\u011f\u0131n\u0131 belirten Akg\u00fcn, motosikletlerin emniyet kemeri, hava yast\u0131\u011f\u0131 ve tampon gibi koruyucu sistemlerinin bulunmad\u0131\u011f\u0131n\u0131, bu nedenle t\u00fcm darbenin s\u00fcr\u00fcc\u00fcn\u00fcn v\u00fccuduna aktar\u0131ld\u0131\u011f\u0131n\u0131 s\u00f6yledi. Motosiklet kullan\u0131c\u0131lar\u0131n\u0131n kask, dizlik, bot gibi koruyucu ekipmanlar\u0131 mutlaka kullanmas\u0131 ve trafikte dikkatli hareket etmesi gerekti\u011fini vurgulad\u0131.<\/p>\n<p>&#8220;Ba\u015fhekim Prof. Dr. Turhan Togan\u2019dan destek&#8221;<br \/>\n<br \/>Etkinlik alan\u0131n\u0131 ziyaret eden Mu\u011fla E\u011fitim ve Ara\u015ft\u0131rma Hastanesi Ba\u015fhekimi Prof. Dr. Turhan Togan, bir motosiklet kullan\u0131c\u0131s\u0131 olarak bu fark\u0131ndal\u0131k \u00e7al\u0131\u015fmalar\u0131n\u0131n b\u00fcy\u00fck \u00f6nem ta\u015f\u0131d\u0131\u011f\u0131n\u0131 belirterek &#8220;Motosiklet kazalar\u0131na kar\u015f\u0131 bilin\u00e7 olu\u015fturmak i\u00e7in bu t\u00fcr etkinlikler \u00e7ok de\u011ferli. Motosiklet kullan\u0131c\u0131lar\u0131n\u0131n ki\u015fisel koruyucu ekipman kullan\u0131m\u0131 ve trafik kurallar\u0131na uymas\u0131 hayati \u00f6neme sahip. Unutmayal\u0131m ki, yollar hepimizin ve yollar\u0131 payla\u015fal\u0131m&#8221; dedi.<br \/><\/p>\n","protected":false},"excerpt":{"rendered":"<p>Mu\u011fla S\u0131tk\u0131 Ko\u00e7man \u00dcniversitesi (MSK\u00dc) T\u0131p Fak\u00fcltesi 1. s\u0131n\u0131f \u00f6\u011frencileri, Ortopedi ve Travmatoloji Uzman\u0131 Do\u00e7. Dr. Ula\u015f Akg\u00fcn \u00f6nc\u00fcl\u00fc\u011f\u00fcnde &#8220;\u00c7ift Teker, Tek Hayat&#8221; slogan\u0131yla motosiklet kazalar\u0131na dikkat \u00e7ekmek ve bu kazalar\u0131n \u00f6nlenmesi i\u00e7in fark\u0131ndal\u0131k olu\u015fturmak amac\u0131yla bilgilendirme stand\u0131 kurdu. Motosiklet kazalar\u0131 ve g\u00fcvenli\u011fi konusunda vatanda\u015flar\u0131 bilin\u00e7lendirmek amac\u0131yla d\u00fczenlenen etkinlikte, motosiklet kullan\u0131m\u0131nda dikkat edilmesi gereken hususlar&#8230;<\/p>\n","protected":false},"author":1,"featured_media":25506,"comment_status":"open","ping_status":"open","sticky":false,"template":"","format":"standard","meta":{"_crdt_document":"","footnotes":""},"categories":[2],"tags":[],"class_list":["post-25505","post","type-post","status-publish","format-standard","has-post-thumbnail","hentry","category-saglik"],"_links":{"self":[{"href":"https:\/\/www.egemtv.com\/index.php?rest_route=\/wp\/v2\/posts\/25505","targetHints":{"allow":["GET"]}}],"collection":[{"href":"https:\/\/www.egemtv.com\/index.php?rest_route=\/wp\/v2\/posts"}],"about":[{"href":"https:\/\/www.egemtv.com\/index.php?rest_route=\/wp\/v2\/types\/post"}],"author":[{"embeddable":true,"href":"https:\/\/www.egemtv.com\/index.php?rest_route=\/wp\/v2\/users\/1"}],"replies":[{"embeddable":true,"href":"https:\/\/www.egemtv.com\/index.php?rest_route=%2Fwp%2Fv2%2Fcomments&post=25505"}],"version-history":[{"count":1,"href":"https:\/\/www.egemtv.com\/index.php?rest_route=\/wp\/v2\/posts\/25505\/revisions"}],"predecessor-version":[{"id":25507,"href":"https:\/\/www.egemtv.com\/index.php?rest_route=\/wp\/v2\/posts\/25505\/revisions\/25507"}],"wp:featuredmedia":[{"embeddable":true,"href":"https:\/\/www.egemtv.com\/index.php?rest_route=\/wp\/v2\/media\/25506"}],"wp:attachment":[{"href":"https:\/\/www.egemtv.com\/index.php?rest_route=%2Fwp%2Fv2%2Fmedia&parent=25505"}],"wp:term":[{"taxonomy":"category","embeddable":true,"href":"https:\/\/www.egemtv.com\/index.php?rest_route=%2Fwp%2Fv2%2Fcategories&post=25505"},{"taxonomy":"post_tag","embeddable":true,"href":"https:\/\/www.egemtv.com\/index.php?rest_route=%2Fwp%2Fv2%2Ftags&post=25505"}],"curies":[{"name":"wp","href":"https:\/\/api.w.org\/{rel}","templated":true}]}}