{"id":25502,"date":"2025-03-20T16:23:44","date_gmt":"2025-03-20T13:23:44","guid":{"rendered":"https:\/\/www.egemtv.com\/?p=25502"},"modified":"2025-03-20T16:23:50","modified_gmt":"2025-03-20T13:23:50","slug":"aydinda-jandarma-personeline-orman-yangini-egitimi","status":"publish","type":"post","link":"https:\/\/www.egemtv.com\/?p=25502","title":{"rendered":"Ayd\u0131n\u2019da jandarma personeline orman yang\u0131n\u0131 e\u011fitimi"},"content":{"rendered":"<p>Mu\u011fla Orman B\u00f6lge M\u00fcd\u00fcrl\u00fc\u011f\u00fc taraf\u0131ndan Ayd\u0131n \u0130l Jandarma Komutanl\u0131\u011f\u0131 personeline orman yang\u0131nlar\u0131yla m\u00fccadele e\u011fitimi verildi.<\/p>\n<p>\u00d6zellikle yaz aylar\u0131nda artan orman yang\u0131nlar\u0131 ile m\u00fccadele kapsam\u0131nda Ayd\u0131n genelinde \u00f6nlemler al\u0131nmaya devam ediliyor. Bu \u00e7er\u00e7evede orman yang\u0131nlar\u0131na m\u00fcdahalede \u00f6nemli rol \u00fcstlenen jandarma ekipleri de haz\u0131rl\u0131klar\u0131n\u0131 s\u00fcrd\u00fcr\u00fcyor. Orman yang\u0131nlar\u0131 ile m\u00fccadele kapsam\u0131nda al\u0131nacak \u00f6nlemler ve s\u00f6nd\u00fcrme teknikleri konular\u0131nda e\u011fitimlerini s\u00fcrd\u00fcren Mu\u011fla Orman B\u00f6lge M\u00fcd\u00fcrl\u00fc\u011f\u00fc ise Ayd\u0131n \u0130l Jandarma Komutanl\u0131\u011f\u0131\u2019nda g\u00f6rev yapan jandarma personellerine orman yang\u0131n\u0131 e\u011fitimi verdi. Jandarma personeline verilen e\u011fitimde, orman yang\u0131n\u0131 meydana geldi\u011finde k\u0131sa s\u00fcrede s\u00f6nd\u00fcr\u00fclmesi, al\u0131nmas\u0131 gereken \u00f6nlemler konular\u0131nda bilgilendirme yap\u0131ld\u0131.<\/p>\n<p>Konu ile ilgili Mu\u011fla Orman B\u00f6lge M\u00fcd\u00fcrl\u00fc\u011f\u00fc\u2019nden yap\u0131lan a\u00e7\u0131klamada &#8220;Ayd\u0131n \u0130l Jandarma Komutanl\u0131\u011f\u0131 personeline, orman yang\u0131nlar\u0131n\u0131n \u00f6nlenmesi ve orman yang\u0131nlar\u0131yla m\u00fccadele konusunda e\u011fitim verildi. Orman \u0130\u015fletme \u015eefi Ali \u00dcreden ve Orman M\u00fchendisi Mustafa G\u00fcmr\u00fck\u00e7\u00fc taraf\u0131ndan verilen e\u011fitime, Ayd\u0131n \u0130l Jandarma Komutanl\u0131\u011f\u0131nda g\u00f6revli personel kat\u0131ld\u0131&#8221; ifadeleri yer ald\u0131.<br \/><\/p>\n","protected":false},"excerpt":{"rendered":"<p>Mu\u011fla Orman B\u00f6lge M\u00fcd\u00fcrl\u00fc\u011f\u00fc taraf\u0131ndan Ayd\u0131n \u0130l Jandarma Komutanl\u0131\u011f\u0131 personeline orman yang\u0131nlar\u0131yla m\u00fccadele e\u011fitimi verildi. \u00d6zellikle yaz aylar\u0131nda artan orman yang\u0131nlar\u0131 ile m\u00fccadele kapsam\u0131nda Ayd\u0131n genelinde \u00f6nlemler al\u0131nmaya devam ediliyor. Bu \u00e7er\u00e7evede orman yang\u0131nlar\u0131na m\u00fcdahalede \u00f6nemli rol \u00fcstlenen jandarma ekipleri de haz\u0131rl\u0131klar\u0131n\u0131 s\u00fcrd\u00fcr\u00fcyor. Orman yang\u0131nlar\u0131 ile m\u00fccadele kapsam\u0131nda al\u0131nacak \u00f6nlemler ve s\u00f6nd\u00fcrme teknikleri konular\u0131nda e\u011fitimlerini&#8230;<\/p>\n","protected":false},"author":1,"featured_media":25503,"comment_status":"open","ping_status":"open","sticky":false,"template":"","format":"standard","meta":{"_crdt_document":"","footnotes":""},"categories":[1],"tags":[],"class_list":["post-25502","post","type-post","status-publish","format-standard","has-post-thumbnail","hentry","category-guncel"],"_links":{"self":[{"href":"https:\/\/www.egemtv.com\/index.php?rest_route=\/wp\/v2\/posts\/25502","targetHints":{"allow":["GET"]}}],"collection":[{"href":"https:\/\/www.egemtv.com\/index.php?rest_route=\/wp\/v2\/posts"}],"about":[{"href":"https:\/\/www.egemtv.com\/index.php?rest_route=\/wp\/v2\/types\/post"}],"author":[{"embeddable":true,"href":"https:\/\/www.egemtv.com\/index.php?rest_route=\/wp\/v2\/users\/1"}],"replies":[{"embeddable":true,"href":"https:\/\/www.egemtv.com\/index.php?rest_route=%2Fwp%2Fv2%2Fcomments&post=25502"}],"version-history":[{"count":1,"href":"https:\/\/www.egemtv.com\/index.php?rest_route=\/wp\/v2\/posts\/25502\/revisions"}],"predecessor-version":[{"id":25504,"href":"https:\/\/www.egemtv.com\/index.php?rest_route=\/wp\/v2\/posts\/25502\/revisions\/25504"}],"wp:featuredmedia":[{"embeddable":true,"href":"https:\/\/www.egemtv.com\/index.php?rest_route=\/wp\/v2\/media\/25503"}],"wp:attachment":[{"href":"https:\/\/www.egemtv.com\/index.php?rest_route=%2Fwp%2Fv2%2Fmedia&parent=25502"}],"wp:term":[{"taxonomy":"category","embeddable":true,"href":"https:\/\/www.egemtv.com\/index.php?rest_route=%2Fwp%2Fv2%2Fcategories&post=25502"},{"taxonomy":"post_tag","embeddable":true,"href":"https:\/\/www.egemtv.com\/index.php?rest_route=%2Fwp%2Fv2%2Ftags&post=25502"}],"curies":[{"name":"wp","href":"https:\/\/api.w.org\/{rel}","templated":true}]}}