{"id":25499,"date":"2025-03-20T16:23:37","date_gmt":"2025-03-20T13:23:37","guid":{"rendered":"https:\/\/www.egemtv.com\/?p=25499"},"modified":"2025-03-20T16:23:44","modified_gmt":"2025-03-20T13:23:44","slug":"yunusemrede-alzheimer-ve-demans-merkezi-acildi","status":"publish","type":"post","link":"https:\/\/www.egemtv.com\/?p=25499","title":{"rendered":"Yunusemre\u2019de Alzheimer ve Demans Merkezi a\u00e7\u0131ld\u0131"},"content":{"rendered":"<p>Yunusemre Belediyesi, Alzheimer ve Demans hastalar\u0131n\u0131n sosyal ya\u015fama kat\u0131lmalar\u0131n\u0131 sa\u011flamak, hasta yak\u0131nlar\u0131n\u0131 desteklemek amac\u0131yla \u00f6nemli bir projeyi hayata ge\u00e7irdi. T\u00fcrkiye Alzheimer Derne\u011fi Manisa Temsilcili\u011fi ile birlikte  projelendirilen Alzheimer ve Demans Dan\u0131\u015fma\/Dayan\u0131\u015fma Merkezi hizmete a\u00e7\u0131ld\u0131.<br \/>\n<br \/>Yunusemre Belediyesi\u2019nin Alzheimer Derne\u011fi Manisa Temsilcili\u011fi ile birlikte  hayata ge\u00e7irdi\u011fi Alzheimer ve Demans Dan\u0131\u015fma\/Dayan\u0131\u015fma Merkezi Yunus Emre Millet \u00c7ar\u015f\u0131s\u0131 2. kat\u0131nda hizmete a\u00e7\u0131ld\u0131. A\u00e7\u0131l\u0131\u015f t\u00f6renine Yunusemre Belediye Ba\u015fkan Yard\u0131mc\u0131lar\u0131 Hakan G\u00fcrtunca, Mehmet Mesut Do\u011fan, Emine \u00d6zge Arslan\u2019\u0131n yan\u0131 s\u0131ra Yunusemre Kent Konseyi Ba\u015fkan\u0131 Bekta\u015f K\u0131l\u0131n\u00e7 kat\u0131ld\u0131. A\u00e7\u0131l\u0131\u015fta konu\u015fan T\u00fcrkiye Alzheimer Derne\u011fi Manisa Temsilcisi Prof. Dr. Hatice Mavio\u011flu bu konuya duyars\u0131z kalmayan Yunusemre Belediyesi\u2019ne te\u015fekk\u00fcr etti. Mavio\u011flu, &#8220;Yunusemre Belediyesi ile yola \u00e7\u0131kt\u0131\u011f\u0131m\u0131zda projeyi \u00e7ok h\u0131zl\u0131 bir \u015fekilde hayata ge\u00e7irdik. Hem proje i\u00e7in hem de bu kadar k\u0131sa s\u00fcrede ger\u00e7ekle\u015ftirilmesi i\u00e7in te\u015fekk\u00fcr ederim. Burada \u00e7ok g\u00fczel \u00e7al\u0131\u015fmalar yapaca\u011f\u0131z. Kartopu gibi b\u00fcy\u00fcme umuduyla ba\u015fta Yunusemre Belediye Ba\u015fkan\u0131 Semih Balaban olmak \u00fczere eme\u011fi ge\u00e7en herkese te\u015fekk\u00fcr ediyorum&#8221; dedi.<br \/>\n<br \/>Bir sosyal sorumluluk projesini daha hayata ge\u00e7irmenin mutlulu\u011funu ya\u015fad\u0131klar\u0131n\u0131 kaydeden Belediye Ba\u015fkan Yard\u0131mc\u0131s\u0131 Hakan G\u00fcrtunca ise konu\u015fmas\u0131nda \u015fu ifadelere yer verdi: &#8220;Bu merkez, Alzheimer hastalar\u0131na ve ailelerine destek sa\u011flayarak onlar\u0131n ya\u015fam kalitesini art\u0131racak. Proje \u00f6n\u00fcm\u00fcze geldi\u011fi anda hemen \u00e7al\u0131\u015fmalara ba\u015flad\u0131k ve en k\u0131sa s\u00fcrede a\u00e7\u0131l\u0131\u015fa haz\u0131r hale getirdik.&#8221;<br \/>\n<br \/>A\u00e7\u0131l\u0131\u015f\u0131n ard\u0131ndan Prof. Dr. Mavio\u011flu, Alzheimer ve demansla ilgili \u00f6nemli bilgiler payla\u015ft\u0131. Yunusemre \u0130l\u00e7e s\u0131n\u0131rlar\u0131 i\u00e7erisinde ya\u015f s\u0131n\u0131rlamas\u0131 olmadan herkesin yararlanabilece\u011fi merkez hakk\u0131nda detayl\u0131 bilgi almak isteyen vatanda\u015flar, &#8220;444 62 09&#8221; numaral\u0131 \u00e7a\u011fr\u0131 merkezini arayabilirler.<\/p>\n<p>Dan\u0131\u015fmanl\u0131k ve e\u011fitim hizmeti verilecek<br \/>\n<br \/>Yunusemre Belediye Ba\u015fkan\u0131 Semih Balaban\u2019\u0131n se\u00e7im vaatleri aras\u0131nda da yer alan bu merkez, hastalara ve yak\u0131nlar\u0131na dan\u0131\u015fmanl\u0131k, etkinlik, bilgilendirme ve e\u011fitim hizmetleri sunacak.<br \/><\/p>\n","protected":false},"excerpt":{"rendered":"<p>Yunusemre Belediyesi, Alzheimer ve Demans hastalar\u0131n\u0131n sosyal ya\u015fama kat\u0131lmalar\u0131n\u0131 sa\u011flamak, hasta yak\u0131nlar\u0131n\u0131 desteklemek amac\u0131yla \u00f6nemli bir projeyi hayata ge\u00e7irdi. T\u00fcrkiye Alzheimer Derne\u011fi Manisa Temsilcili\u011fi ile birlikte projelendirilen Alzheimer ve Demans Dan\u0131\u015fma\/Dayan\u0131\u015fma Merkezi hizmete a\u00e7\u0131ld\u0131. Yunusemre Belediyesi\u2019nin Alzheimer Derne\u011fi Manisa Temsilcili\u011fi ile birlikte hayata ge\u00e7irdi\u011fi Alzheimer ve Demans Dan\u0131\u015fma\/Dayan\u0131\u015fma Merkezi Yunus Emre Millet \u00c7ar\u015f\u0131s\u0131 2. kat\u0131nda&#8230;<\/p>\n","protected":false},"author":1,"featured_media":25500,"comment_status":"open","ping_status":"open","sticky":false,"template":"","format":"standard","meta":{"_crdt_document":"","footnotes":""},"categories":[2],"tags":[],"class_list":["post-25499","post","type-post","status-publish","format-standard","has-post-thumbnail","hentry","category-saglik"],"_links":{"self":[{"href":"https:\/\/www.egemtv.com\/index.php?rest_route=\/wp\/v2\/posts\/25499","targetHints":{"allow":["GET"]}}],"collection":[{"href":"https:\/\/www.egemtv.com\/index.php?rest_route=\/wp\/v2\/posts"}],"about":[{"href":"https:\/\/www.egemtv.com\/index.php?rest_route=\/wp\/v2\/types\/post"}],"author":[{"embeddable":true,"href":"https:\/\/www.egemtv.com\/index.php?rest_route=\/wp\/v2\/users\/1"}],"replies":[{"embeddable":true,"href":"https:\/\/www.egemtv.com\/index.php?rest_route=%2Fwp%2Fv2%2Fcomments&post=25499"}],"version-history":[{"count":1,"href":"https:\/\/www.egemtv.com\/index.php?rest_route=\/wp\/v2\/posts\/25499\/revisions"}],"predecessor-version":[{"id":25501,"href":"https:\/\/www.egemtv.com\/index.php?rest_route=\/wp\/v2\/posts\/25499\/revisions\/25501"}],"wp:featuredmedia":[{"embeddable":true,"href":"https:\/\/www.egemtv.com\/index.php?rest_route=\/wp\/v2\/media\/25500"}],"wp:attachment":[{"href":"https:\/\/www.egemtv.com\/index.php?rest_route=%2Fwp%2Fv2%2Fmedia&parent=25499"}],"wp:term":[{"taxonomy":"category","embeddable":true,"href":"https:\/\/www.egemtv.com\/index.php?rest_route=%2Fwp%2Fv2%2Fcategories&post=25499"},{"taxonomy":"post_tag","embeddable":true,"href":"https:\/\/www.egemtv.com\/index.php?rest_route=%2Fwp%2Fv2%2Ftags&post=25499"}],"curies":[{"name":"wp","href":"https:\/\/api.w.org\/{rel}","templated":true}]}}