{"id":25496,"date":"2025-03-20T16:04:49","date_gmt":"2025-03-20T13:04:49","guid":{"rendered":"https:\/\/www.egemtv.com\/?p=25496"},"modified":"2025-03-20T16:04:54","modified_gmt":"2025-03-20T13:04:54","slug":"catidan-duserek-hayatini-kaybeden-baba-ogul-son-yolculuguna-ugurlandi","status":"publish","type":"post","link":"https:\/\/www.egemtv.com\/?p=25496","title":{"rendered":"\u00c7at\u0131dan d\u00fc\u015ferek hayat\u0131n\u0131 kaybeden baba-o\u011ful son yolculu\u011funa u\u011furland\u0131"},"content":{"rendered":"<p>\u0130zmir\u2019in \u00c7i\u011fli il\u00e7esinde bir evin \u00e7at\u0131s\u0131n\u0131 tamir ederken \u015fiddetli r\u00fczgar\u0131n savurmas\u0131yla d\u00fc\u015f\u00fcp hayat\u0131n\u0131 kaybeden baba-o\u011ful g\u00f6zya\u015flar\u0131 i\u00e7inde topra\u011fa verildi. Baba ve o\u011fulun cenazesinde yak\u0131nlar\u0131 zor anlar ya\u015fad\u0131.<br \/>\n<br \/>D\u00fcn G\u00fczeltepe Mahallesi 8422 Sokak\u2019taki iki katl\u0131 bir evin \u00e7at\u0131s\u0131n\u0131 tamir eden Muharrem Bar\u0131\u015f\u0131k (43) ve o\u011flu Eren Bar\u0131\u015f\u0131k (17), \u015fiddetli r\u00fczgar\u0131n savurmas\u0131yla a\u015fa\u011f\u0131ya d\u00fc\u015ferek hayat\u0131n\u0131 kaybetti. Baba ve o\u011flun cenazesi otopsi i\u015flemlerinin ard\u0131ndan Menemen il\u00e7esine getirildi. Baba-o\u011ful i\u00e7in Pir Sultan Abdal Cemevi\u2019nde cenaze t\u00f6reni d\u00fczenlendi. Baba ve o\u011fulun cenazesi k\u0131l\u0131nan namaz\u0131n ard\u0131ndan son yolculu\u011funa g\u00f6nderildi.<br \/>\n<br \/>Cenazede e\u015fini ve o\u011flunu kaybeden Goncag\u00fcl Bar\u0131\u015f\u0131k ile \u00e7at\u0131 tamiri esnas\u0131nda yanlar\u0131nda bulunan di\u011fer \u00e7ocu\u011fu A. Bar\u0131\u015f\u0131k zor anlar ya\u015fad\u0131. Muharrem Bar\u0131\u015f\u0131k ve o\u011flu Eren Bar\u0131\u015f\u0131k\u2019\u0131n cenazesi Ulukent Mezarl\u0131\u011f\u0131\u2019na defnedildi.<br \/><\/p>\n","protected":false},"excerpt":{"rendered":"<p>\u0130zmir\u2019in \u00c7i\u011fli il\u00e7esinde bir evin \u00e7at\u0131s\u0131n\u0131 tamir ederken \u015fiddetli r\u00fczgar\u0131n savurmas\u0131yla d\u00fc\u015f\u00fcp hayat\u0131n\u0131 kaybeden baba-o\u011ful g\u00f6zya\u015flar\u0131 i\u00e7inde topra\u011fa verildi. Baba ve o\u011fulun cenazesinde yak\u0131nlar\u0131 zor anlar ya\u015fad\u0131. D\u00fcn G\u00fczeltepe Mahallesi 8422 Sokak\u2019taki iki katl\u0131 bir evin \u00e7at\u0131s\u0131n\u0131 tamir eden Muharrem Bar\u0131\u015f\u0131k (43) ve o\u011flu Eren Bar\u0131\u015f\u0131k (17), \u015fiddetli r\u00fczgar\u0131n savurmas\u0131yla a\u015fa\u011f\u0131ya d\u00fc\u015ferek hayat\u0131n\u0131 kaybetti. Baba&#8230;<\/p>\n","protected":false},"author":1,"featured_media":25497,"comment_status":"open","ping_status":"open","sticky":false,"template":"","format":"standard","meta":{"_crdt_document":"","footnotes":""},"categories":[5],"tags":[],"class_list":["post-25496","post","type-post","status-publish","format-standard","has-post-thumbnail","hentry","category-asayis"],"_links":{"self":[{"href":"https:\/\/www.egemtv.com\/index.php?rest_route=\/wp\/v2\/posts\/25496","targetHints":{"allow":["GET"]}}],"collection":[{"href":"https:\/\/www.egemtv.com\/index.php?rest_route=\/wp\/v2\/posts"}],"about":[{"href":"https:\/\/www.egemtv.com\/index.php?rest_route=\/wp\/v2\/types\/post"}],"author":[{"embeddable":true,"href":"https:\/\/www.egemtv.com\/index.php?rest_route=\/wp\/v2\/users\/1"}],"replies":[{"embeddable":true,"href":"https:\/\/www.egemtv.com\/index.php?rest_route=%2Fwp%2Fv2%2Fcomments&post=25496"}],"version-history":[{"count":1,"href":"https:\/\/www.egemtv.com\/index.php?rest_route=\/wp\/v2\/posts\/25496\/revisions"}],"predecessor-version":[{"id":25498,"href":"https:\/\/www.egemtv.com\/index.php?rest_route=\/wp\/v2\/posts\/25496\/revisions\/25498"}],"wp:featuredmedia":[{"embeddable":true,"href":"https:\/\/www.egemtv.com\/index.php?rest_route=\/wp\/v2\/media\/25497"}],"wp:attachment":[{"href":"https:\/\/www.egemtv.com\/index.php?rest_route=%2Fwp%2Fv2%2Fmedia&parent=25496"}],"wp:term":[{"taxonomy":"category","embeddable":true,"href":"https:\/\/www.egemtv.com\/index.php?rest_route=%2Fwp%2Fv2%2Fcategories&post=25496"},{"taxonomy":"post_tag","embeddable":true,"href":"https:\/\/www.egemtv.com\/index.php?rest_route=%2Fwp%2Fv2%2Ftags&post=25496"}],"curies":[{"name":"wp","href":"https:\/\/api.w.org\/{rel}","templated":true}]}}