{"id":25493,"date":"2025-03-20T15:29:46","date_gmt":"2025-03-20T12:29:46","guid":{"rendered":"https:\/\/www.egemtv.com\/?p=25493"},"modified":"2025-03-20T15:29:52","modified_gmt":"2025-03-20T12:29:52","slug":"meydana-konan-simulasyon-araciyla-emniyet-kemerinin-onemi-anlatildi","status":"publish","type":"post","link":"https:\/\/www.egemtv.com\/?p=25493","title":{"rendered":"Meydana konan sim\u00fclasyon arac\u0131yla emniyet kemerinin \u00f6nemi anlat\u0131ld\u0131"},"content":{"rendered":"<p>\u0130\u00e7i\u015fleri Bakan\u0131 taraf\u0131ndan ba\u015flat\u0131lan &#8220;Bir kural bir \u00f6m\u00fcr&#8221; \u00e7er\u00e7evesinde Afyonkarahisar Zafer Meydan\u0131nda \u00e7ocuklara ve gen\u00e7lere emniyet kemeri takman\u0131n \u00f6nemi, emniyet kemeri sim\u00fclasyon arac\u0131yla uygulamal\u0131 olarak anlat\u0131ld\u0131.<br \/>\n<br \/>Afyonkarahisar \u0130l Emniyet M\u00fcd\u00fcrl\u00fc\u011f\u00fc ekipleri, Zafer Meydan\u0131\u2019nda \u00e7ocuklar\u0131 ve gen\u00e7leri trafik kurallar\u0131 konusunda bilgilendirdi. Trafik kurallar\u0131na her zaman uyulmas\u0131 gerekti\u011fini ifade eden ekipler, gen\u00e7lerin merak ettikleri sorular\u0131 da yan\u0131tlad\u0131. Meydana kurulan sim\u00fclasyon arac\u0131yla da uygulamal\u0131 olarak emniyet kemerinin \u00f6nemi anlat\u0131ld\u0131.<br \/>\n<br \/>\u00d6te yandan Emniyet M\u00fcd\u00fcrl\u00fc\u011f\u00fc taraf\u0131ndan yap\u0131lan a\u00e7\u0131klamada; &#8220;Emniyet kemeri kullan\u0131m\u0131 kaza sonras\u0131 \u00f6l\u00fcm riskini y\u00fczde 45, a\u011f\u0131r yaralanma oran\u0131n\u0131 ise y\u00fczde 60 oran\u0131nda d\u00fc\u015f\u00fcr\u00fcr&#8221; denildi.<br \/><\/p>\n","protected":false},"excerpt":{"rendered":"<p>\u0130\u00e7i\u015fleri Bakan\u0131 taraf\u0131ndan ba\u015flat\u0131lan &#8220;Bir kural bir \u00f6m\u00fcr&#8221; \u00e7er\u00e7evesinde Afyonkarahisar Zafer Meydan\u0131nda \u00e7ocuklara ve gen\u00e7lere emniyet kemeri takman\u0131n \u00f6nemi, emniyet kemeri sim\u00fclasyon arac\u0131yla uygulamal\u0131 olarak anlat\u0131ld\u0131. Afyonkarahisar \u0130l Emniyet M\u00fcd\u00fcrl\u00fc\u011f\u00fc ekipleri, Zafer Meydan\u0131\u2019nda \u00e7ocuklar\u0131 ve gen\u00e7leri trafik kurallar\u0131 konusunda bilgilendirdi. Trafik kurallar\u0131na her zaman uyulmas\u0131 gerekti\u011fini ifade eden ekipler, gen\u00e7lerin merak ettikleri sorular\u0131 da yan\u0131tlad\u0131&#8230;.<\/p>\n","protected":false},"author":1,"featured_media":25494,"comment_status":"open","ping_status":"open","sticky":false,"template":"","format":"standard","meta":{"_crdt_document":"","footnotes":""},"categories":[1],"tags":[],"class_list":["post-25493","post","type-post","status-publish","format-standard","has-post-thumbnail","hentry","category-guncel"],"_links":{"self":[{"href":"https:\/\/www.egemtv.com\/index.php?rest_route=\/wp\/v2\/posts\/25493","targetHints":{"allow":["GET"]}}],"collection":[{"href":"https:\/\/www.egemtv.com\/index.php?rest_route=\/wp\/v2\/posts"}],"about":[{"href":"https:\/\/www.egemtv.com\/index.php?rest_route=\/wp\/v2\/types\/post"}],"author":[{"embeddable":true,"href":"https:\/\/www.egemtv.com\/index.php?rest_route=\/wp\/v2\/users\/1"}],"replies":[{"embeddable":true,"href":"https:\/\/www.egemtv.com\/index.php?rest_route=%2Fwp%2Fv2%2Fcomments&post=25493"}],"version-history":[{"count":1,"href":"https:\/\/www.egemtv.com\/index.php?rest_route=\/wp\/v2\/posts\/25493\/revisions"}],"predecessor-version":[{"id":25495,"href":"https:\/\/www.egemtv.com\/index.php?rest_route=\/wp\/v2\/posts\/25493\/revisions\/25495"}],"wp:featuredmedia":[{"embeddable":true,"href":"https:\/\/www.egemtv.com\/index.php?rest_route=\/wp\/v2\/media\/25494"}],"wp:attachment":[{"href":"https:\/\/www.egemtv.com\/index.php?rest_route=%2Fwp%2Fv2%2Fmedia&parent=25493"}],"wp:term":[{"taxonomy":"category","embeddable":true,"href":"https:\/\/www.egemtv.com\/index.php?rest_route=%2Fwp%2Fv2%2Fcategories&post=25493"},{"taxonomy":"post_tag","embeddable":true,"href":"https:\/\/www.egemtv.com\/index.php?rest_route=%2Fwp%2Fv2%2Ftags&post=25493"}],"curies":[{"name":"wp","href":"https:\/\/api.w.org\/{rel}","templated":true}]}}