{"id":25490,"date":"2025-03-20T15:29:40","date_gmt":"2025-03-20T12:29:40","guid":{"rendered":"https:\/\/www.egemtv.com\/?p=25490"},"modified":"2025-03-20T15:29:46","modified_gmt":"2025-03-20T12:29:46","slug":"turkiyeyi-temsil-etmeleri-riske-girdi","status":"publish","type":"post","link":"https:\/\/www.egemtv.com\/?p=25490","title":{"rendered":"T\u00fcrkiye\u2019yi temsil etmeleri riske girdi"},"content":{"rendered":"<p>Lavender Robotics tak\u0131m\u0131n\u0131n gen\u00e7leri T\u00fcrkiye\u2019de elde ettikleri ba\u015far\u0131lar\u0131n ard\u0131ndan Amerika\u2019da 17-19 Nisan 2025 tarihinde d\u00fczenlenecek olan D\u00fcnya \u015eampiyonas\u0131\u2019na kat\u0131lmaya hak kazand\u0131. Vize randevular\u0131n\u0131n 24 Nisan tarihine verildi\u011fi gen\u00e7ler bu s\u00fcreci \u00f6ne \u00e7ekemezlerse T\u00fcrkiye\u2019yi temsil edemeyecekler. Ba\u015fta Manisa Valisi Vahdettin \u00d6zkan olmak \u00fczere t\u00fcm yetkililerden destek isteyen gen\u00e7ler, sanayide deva firmalara ev sahipli\u011fi yapan Manisa\u2019n\u0131n ad\u0131n\u0131 d\u00fcnya sahnesinde duyurmak i\u00e7in deste\u011fe ihtiya\u00e7lar\u0131 oldu\u011funu s\u00f6yledi.<br \/>\n<br \/>Elde ettikleri ba\u015far\u0131lar ve ya\u015fad\u0131klar\u0131 sorunlar hakk\u0131nda a\u00e7\u0131klamalarda bulunan Lavender Robotics tak\u0131m\u0131n\u0131n kaptan\u0131 Ada Kaz\u0131l, &#8220;Biz, Manisa Salihli Kabazl\u0131 K\u00f6y\u00fc\u2019ndeki k\u00fc\u00e7\u00fck bir garajda \u2019F\u0131rsat verilirse biz de yapabiliriz!\u2019 diyerek yola \u00e7\u0131kan gen\u00e7leriz. Tak\u0131m arkada\u015flar\u0131m Ege Kaz\u0131l, Mehmet Sait Per\u015fembe, Yusuf Karamuk, Kadir Efe Ya\u011f, G\u00f6kt\u00fcrk Ege Turan, Hasan Kaan Karabulut ve ment\u00f6rlerimiz H\u00fclya Erg\u00fcl Kaz\u0131l ile Taha Bayer olarak, bilim ve teknolojiye olan tutkumuzu azimle birle\u015ftirdik. Bu yolculu\u011fun sonunda Amerika\u2019daki D\u00fcnya \u015eampiyonas\u0131\u2019na kat\u0131lma hakk\u0131 kazand\u0131k. T\u00fcrkiye\u2019de kat\u0131ld\u0131\u011f\u0131m\u0131z 4-6 Mart Bosphorus Regional, 7-9 Mart Hali\u00e7 Regional ve 14-16 Mart Ankara Regional yar\u0131\u015fmalar\u0131nda b\u00fcy\u00fck ba\u015far\u0131lar elde ettik. NASA sponsorlu\u011fundaki Engineering Inspiration \u00d6d\u00fcl\u00fc\u2019n\u00fc kazanarak bu \u00f6d\u00fcle lay\u0131k g\u00f6r\u00fclen ilk ve tek Manisa tak\u0131m\u0131 olduk. Ayr\u0131ca, Bosphorus Regional\u2019da Dow sponsorlu\u011funda verilen Tak\u0131m S\u00fcrd\u00fcr\u00fclebilirlik \u00d6d\u00fcl\u00fc ve Hali\u00e7 Regional\u2019da Duyarl\u0131 Profesyonellik \u00d6d\u00fcl\u00fc kazand\u0131k. Bu \u00f6d\u00fcller, teknik becerilerimizin yan\u0131 s\u0131ra tak\u0131m ruhu, etik de\u011ferlerimiz ve toplumsal bilincimizle de fark olu\u015fturdu\u011fumuzun bir g\u00f6stergesi oldu. Bireysel olarak da b\u00fcy\u00fck bir onur ya\u015f\u0131yorum: Dean\u2019s List Finalist \u00d6d\u00fcl\u00fcn\u00fc kazanarak d\u00fcnya \u00e7ap\u0131nda se\u00e7ilen \u00f6\u011frencilerle birlikte yar\u0131\u015fmak \u00fczere Manisa\u2019dan Amerika\u2019ya gitmeye hak kazanan ilk \u00f6\u011frenci oldum.&#8221; dedi.<\/p>\n<p>Vize ve maddi destek sorunu<br \/>\n<br \/>Elde ettikleri ba\u015far\u0131lara ra\u011fmen \u00f6nlerinde iki b\u00fcy\u00fck engel oldu\u011funu kaydeden Kaz\u0131l, &#8220;\u00d6n\u00fcm\u00fczde iki b\u00fcy\u00fck engel var. Biri vize di\u011feri de maddi destek. Amerika\u2019daki D\u00fcnya \u015eampiyonas\u0131 17-19 Nisan 2025 tarihlerinde Teksas Eyaletinin Houston kentinde d\u00fczenlenecek. Ancak b\u00fcy\u00fck bir sorunla kar\u015f\u0131 kar\u015f\u0131yay\u0131z. Vize randevular\u0131m\u0131z 24 Nisan 2025 tarihine verildi. E\u011fer bu s\u00fcre\u00e7 h\u0131zland\u0131r\u0131lmazsa, kazand\u0131\u011f\u0131m\u0131z bu b\u00fcy\u00fck f\u0131rsat\u0131 de\u011ferlendiremeyece\u011fiz ve T\u00fcrkiye\u2019yi temsil edemeyece\u011fiz. Buradan yetkililere sesleniyorum: Biz \u00fclkemizi en iyi \u015fekilde temsil etmek istiyoruz! L\u00fctfen vizelerimizi Nisan\u2019\u0131n ilk haftas\u0131na \u00e7ekebilmemiz i\u00e7in bize yard\u0131mc\u0131 olun! Manisa b\u00fcy\u00fck bir sanayi \u015fehri. B\u00fcy\u00fck \u015firketlerin, Manisa Ticaret ve Sanayi Odas\u0131\u2019n\u0131n, Manisa B\u00fcy\u00fck\u015fehir Belediyesi\u2019nin ve Say\u0131n Manisa Valimizin deste\u011fine ihtiyac\u0131m\u0131z var! Manisa, T\u00fcrkiye\u2019nin en b\u00fcy\u00fck sanayi \u015fehirlerinden biri. \u015eehrimiz, Vestel, Bosch, Schneider Electric, Tirsan, E.C.A, Keskino\u011flu ve daha bir\u00e7ok b\u00fcy\u00fck sanayi kurulu\u015funa ev sahipli\u011fi yap\u0131yor. Manisa Ticaret ve Sanayi Odas\u0131, b\u00f6lgenin ekonomik g\u00fcc\u00fcn\u00fc art\u0131ran ve sanayinin geli\u015fimine y\u00f6n veren \u00f6nemli bir kurulu\u015f olarak bu \u015fehirdeki firmalara rehberlik ediyor. Ancak biz gen\u00e7ler olarak, Manisa\u2019n\u0131n sanayi g\u00fcc\u00fcn\u00fcn bilime, teknolojiye ve inovasyona daha fazla yat\u0131r\u0131m yaparak b\u00fcy\u00fcmesi gerekti\u011fine inan\u0131yoruz. Bu noktada, b\u00fcy\u00fck sanayi kurulu\u015flar\u0131na, Manisa Ticaret ve Sanayi Odas\u0131\u2019na, i\u015f d\u00fcnyas\u0131na ve hay\u0131rseverlere sesleniyoruz. Amerika\u2019daki yar\u0131\u015fmaya kat\u0131labilmemiz i\u00e7in yol ve konaklama deste\u011fine ihtiyac\u0131m\u0131z var. Manisa\u2019n\u0131n ad\u0131n\u0131 d\u00fcnya sahnesinde duyurmak i\u00e7in deste\u011finize ihtiyac\u0131m\u0131z var ve buradan Manisa B\u00fcy\u00fck\u015fehir Belediye Ba\u015fkan\u0131\u2019na ve Say\u0131n Manisa Valimize de seslenmek istiyorum: Biz gen\u00e7ler olarak, Manisa\u2019y\u0131 uluslararas\u0131 arenada temsil etmek i\u00e7in m\u00fccadele ediyoruz. Yerel y\u00f6netimler ve valili\u011fimiz olarak, bilim ve teknolojiye inanan biz gen\u00e7leri destekleyin. Manisa\u2019n\u0131n ad\u0131n\u0131, T\u00fcrkiye\u2019nin ad\u0131n\u0131 d\u00fcnyaya duyurabilmemiz i\u00e7in vize s\u00fcrecimizin h\u0131zlanmas\u0131na destek olun, yol ve konaklama sorunlar\u0131m\u0131z\u0131 \u00e7\u00f6zmemize yard\u0131mc\u0131 olun. Biz Lavender Robotics olarak, Manisa\u2019n\u0131n sanayi devlerinin, yerel y\u00f6netimlerin ve valili\u011fimizin deste\u011fiyle bilim ve teknoloji alan\u0131nda \u00f6nc\u00fc bir \u015fehir olabilece\u011fine inan\u0131yoruz. Bize f\u0131rsat verin, \u00fclkemizi en iyi \u015fekilde temsil edelim. Biz, \u2019F\u0131rsat verilirse biz de yapabiliriz!\u2019 diyerek yola \u00e7\u0131kt\u0131k ve D\u00fcnya \u015eampiyonas\u0131\u2019na kat\u0131lmaya hak kazand\u0131k. \u015eimdi, bir kez daha sesleniyoruz: Bize f\u0131rsat verin, vize, yol ve konaklama sorunlar\u0131m\u0131z\u0131 \u00e7\u00f6zmemize yard\u0131m edin! Bu zorlu s\u00fcre\u00e7te bize destek olursan\u0131z, T\u00fcrkiye\u2019yi uluslararas\u0131 arenada en iyi \u015fekilde temsil edece\u011fimize s\u00f6z veriyoruz! Sosyal medya hesab\u0131m\u0131z @lavenderrobotics adresinden desteklerinizi bekliyoruz.&#8221; ifadelerini kulland\u0131.<br \/><\/p>\n","protected":false},"excerpt":{"rendered":"<p>Lavender Robotics tak\u0131m\u0131n\u0131n gen\u00e7leri T\u00fcrkiye\u2019de elde ettikleri ba\u015far\u0131lar\u0131n ard\u0131ndan Amerika\u2019da 17-19 Nisan 2025 tarihinde d\u00fczenlenecek olan D\u00fcnya \u015eampiyonas\u0131\u2019na kat\u0131lmaya hak kazand\u0131. Vize randevular\u0131n\u0131n 24 Nisan tarihine verildi\u011fi gen\u00e7ler bu s\u00fcreci \u00f6ne \u00e7ekemezlerse T\u00fcrkiye\u2019yi temsil edemeyecekler. Ba\u015fta Manisa Valisi Vahdettin \u00d6zkan olmak \u00fczere t\u00fcm yetkililerden destek isteyen gen\u00e7ler, sanayide deva firmalara ev sahipli\u011fi yapan Manisa\u2019n\u0131n ad\u0131n\u0131&#8230;<\/p>\n","protected":false},"author":1,"featured_media":25491,"comment_status":"open","ping_status":"open","sticky":false,"template":"","format":"standard","meta":{"_crdt_document":"","footnotes":""},"categories":[124],"tags":[],"class_list":["post-25490","post","type-post","status-publish","format-standard","has-post-thumbnail","hentry","category-bilim"],"_links":{"self":[{"href":"https:\/\/www.egemtv.com\/index.php?rest_route=\/wp\/v2\/posts\/25490","targetHints":{"allow":["GET"]}}],"collection":[{"href":"https:\/\/www.egemtv.com\/index.php?rest_route=\/wp\/v2\/posts"}],"about":[{"href":"https:\/\/www.egemtv.com\/index.php?rest_route=\/wp\/v2\/types\/post"}],"author":[{"embeddable":true,"href":"https:\/\/www.egemtv.com\/index.php?rest_route=\/wp\/v2\/users\/1"}],"replies":[{"embeddable":true,"href":"https:\/\/www.egemtv.com\/index.php?rest_route=%2Fwp%2Fv2%2Fcomments&post=25490"}],"version-history":[{"count":1,"href":"https:\/\/www.egemtv.com\/index.php?rest_route=\/wp\/v2\/posts\/25490\/revisions"}],"predecessor-version":[{"id":25492,"href":"https:\/\/www.egemtv.com\/index.php?rest_route=\/wp\/v2\/posts\/25490\/revisions\/25492"}],"wp:featuredmedia":[{"embeddable":true,"href":"https:\/\/www.egemtv.com\/index.php?rest_route=\/wp\/v2\/media\/25491"}],"wp:attachment":[{"href":"https:\/\/www.egemtv.com\/index.php?rest_route=%2Fwp%2Fv2%2Fmedia&parent=25490"}],"wp:term":[{"taxonomy":"category","embeddable":true,"href":"https:\/\/www.egemtv.com\/index.php?rest_route=%2Fwp%2Fv2%2Fcategories&post=25490"},{"taxonomy":"post_tag","embeddable":true,"href":"https:\/\/www.egemtv.com\/index.php?rest_route=%2Fwp%2Fv2%2Ftags&post=25490"}],"curies":[{"name":"wp","href":"https:\/\/api.w.org\/{rel}","templated":true}]}}