{"id":25484,"date":"2025-03-20T15:04:26","date_gmt":"2025-03-20T12:04:26","guid":{"rendered":"https:\/\/www.egemtv.com\/?p=25484"},"modified":"2025-03-20T15:04:31","modified_gmt":"2025-03-20T12:04:31","slug":"mugla-sehitler-albumu-tanitildi","status":"publish","type":"post","link":"https:\/\/www.egemtv.com\/?p=25484","title":{"rendered":"Mu\u011fla \u015eehitler Alb\u00fcm\u00fc tan\u0131t\u0131ld\u0131"},"content":{"rendered":"<p>Mu\u011fla B\u00fcy\u00fck\u015fehir Belediyesi, Mu\u011fla S\u0131tk\u0131 Ko\u00e7man \u00dcniversitesi ve Mu\u011fla \u015eehit Aileleri Yard\u0131mla\u015fma ve Dayan\u0131\u015fma Derne\u011fi i\u015f birli\u011fiyle haz\u0131rlanan \u2018Mu\u011fla \u015eehitler Alb\u00fcm\u00fc\u2019, \u015fehit aileleri ve gazilerin kat\u0131l\u0131m\u0131yla tan\u0131t\u0131ld\u0131.<br \/>\n<br \/>Tan\u0131t\u0131ma; K\u0131y\u0131 Ege Belediyeler Birli\u011fi ve Mu\u011fla B\u00fcy\u00fck\u015fehir Belediye Ba\u015fkan\u0131 Ahmet Aras ev sahipli\u011finde Mu\u011fla S\u0131tk\u0131 Ko\u00e7man \u00dcniversitesi Rekt\u00f6r Yard\u0131mc\u0131s\u0131 Prof. Dr. Mustafa G\u00f6k\u00e7e ve Ortaca Belediye Ba\u015fkan\u0131 Evren Tezcan, \u015fehit yak\u0131nlar\u0131 ve gaziler kat\u0131ld\u0131. Etkinli\u011fin ard\u0131ndan, \u015fehit aileleri ve gazilere iftar yeme\u011fi verildi.<br \/>\n<br \/>\u015eehitler paneli b\u00fcy\u00fck ilgi g\u00f6rd\u00fc<br \/>\n<br \/>Panelde, MSK\u00dc E\u011fitim Fak\u00fcltesi\u2019nden Prof. Dr. \u00d6zg\u00fcr Y\u0131ld\u0131z, MSK\u00dc Atat\u00fcrk \u0130lkeleri ve \u0130nk\u0131lap Tarihi B\u00f6l\u00fcm Ba\u015fkan\u0131 \u00d6\u011fretim G\u00f6revlisi Osman K\u00f6se ve \u0130zmir B\u00fcy\u00fck\u015fehir Belediyesi \u015eehit Yak\u0131nlar\u0131 ve Gaziler Koordinat\u00f6r\u00fc Dr. Emekli Albay Fatih \u00d6zkurt konu\u015fmac\u0131 olarak yer ald\u0131.<br \/>\n<br \/>1958\u2019den bug\u00fcne 164 \u015fehidin hat\u0131ralar\u0131 ya\u015fat\u0131l\u0131yor<br \/>\n<br \/>Mu\u011fla\u2019n\u0131n tamam\u0131n\u0131 kapsayan ilk \u015fehitler alb\u00fcm\u00fc, titiz bir \u00e7al\u0131\u015fmayla haz\u0131rland\u0131. Alb\u00fcm, t\u00fcm resmi kurumlar, aileler ve \u015fehit-gazi dernekleriyle birebir g\u00f6r\u00fc\u015fmeler yap\u0131larak olu\u015fturuldu. \u015eehitler alfabetik s\u0131rayla s\u0131ralan\u0131rken, nerede \u015fehit olduklar\u0131na dair bilgilere de yer verildi. Alb\u00fcmde; Mu\u011flal\u0131 olup naa\u015f\u0131 il s\u0131n\u0131rlar\u0131 i\u00e7inde bulunanlar, Mu\u011flal\u0131 olmayan ancak naa\u015f\u0131 Mu\u011fla\u2019da bulunanlar, Mu\u011flal\u0131 olup naa\u015f\u0131 ba\u015fka illerde bulunanlar, K\u0131br\u0131s\u2019ta \u015fehit d\u00fc\u015f\u00fcp mezar\u0131 orada bulunanlar, fiziki naa\u015f\u0131 bulunamayan ancak temsili mezarlar\u0131 K\u0131br\u0131s\u2019ta ve Mu\u011fla\u2019da yer alanlar da dahil edildi. B\u00f6ylece 1958\u2019den g\u00fcn\u00fcm\u00fcze kadar 164 \u015fehidin an\u0131s\u0131 ya\u015fat\u0131lm\u0131\u015f oldu.<br \/>\n<br \/>Dernek Ba\u015fkanlar\u0131ndan te\u015fekk\u00fcr mesajlar\u0131<br \/>\n<br \/>Mu\u011fla \u015eehit Aileleri Yard\u0131mla\u015fma ve Dayan\u0131\u015fma Derne\u011fi Ba\u015fkan\u0131 S\u00fcleyman Ta\u015fkesen, &#8220;Bu alb\u00fcm\u00fc olu\u015fturmak i\u00e7in uzun s\u00fcredir \u00e7al\u0131\u015f\u0131yoruz. B\u00fcy\u00fck\u015fehir Belediyemiz eksik \u00f6zge\u00e7mi\u015fleri tamamlamak i\u00e7in ailelerimizi tek tek ziyaret etti. Mu\u011fla\u2019da ilk kez b\u00f6yle bir \u00e7al\u0131\u015fma yap\u0131ld\u0131, eme\u011fi ge\u00e7en herkese te\u015fekk\u00fcr ediyorum&#8221; dedi.<br \/>\n<br \/>Muharip Gaziler ve \u015eehit Aileleri Yard\u0131mla\u015fma ve Dayan\u0131\u015fma Derne\u011fi Ba\u015fkan\u0131 Ali Cant\u00fcrk, &#8220;B\u00fcy\u00fck\u015fehir Belediyemiz bu alb\u00fcmle di\u011fer illere \u00f6rnek oldu. Destekleri i\u00e7in te\u015fekk\u00fcr ediyoruz&#8221; ifadelerini kulland\u0131.<br \/>\n<br \/>Harp Malul\u00fc Gaziler \u015eehit Dul ve Yetimleri Derne\u011fi Ba\u015fkan\u0131 Ercan Akkurt, &#8220;Mu\u011fla B\u00fcy\u00fck\u015fehir Belediye Ba\u015fkan\u0131m\u0131z Ahmet Aras, bu s\u00fcre\u00e7te bizlere deste\u011fini hi\u00e7 esirgemedi. Kendisine te\u015fekk\u00fcr ediyorum&#8221; diye konu\u015ftu.<br \/>\n<br \/>Ba\u015fkan Aras: &#8220;\u015eehitlerimizin emanetine sahip \u00e7\u0131kmak boynumuzun borcudur&#8221;<br \/>\n<br \/>K\u0131y\u0131 Ege Belediyeler Birli\u011fi ve Mu\u011fla B\u00fcy\u00fck\u015fehir Belediye Ba\u015fkan\u0131 Ahmet Aras, etkinlikte yapt\u0131\u011f\u0131 konu\u015fmada \u015fu ifadelere yer verdi: &#8220;\u00c7anakkale Zaferi\u2019mizin 110. y\u0131l\u0131n\u0131 hep birlikte kutlad\u0131k. Bu topraklar, kan ve irfanla vatan oldu. Bizim s\u0131n\u0131rlar\u0131m\u0131z cetvelle \u00e7izilmedi, her bir kar\u0131\u015f kahramanl\u0131k destan\u0131yla \u00e7izildi. Milletimiz, ordu millettir ve herkes vatan\u0131 i\u00e7in can\u0131n\u0131 vermeye haz\u0131rd\u0131r. \u015eehitlerimizin bizlere emaneti olan ailelerimize ve gazilerimize sahip \u00e7\u0131kmak vazifemiz, boynumuzun borcudur. Yerel y\u00f6netimler olarak her zaman yanlar\u0131nda olaca\u011f\u0131z. \u015eehitlerimizin ve gazilerimizin isimlerini ebediyete kadar ya\u015fataca\u011f\u0131z. Gelecek nesiller, bu topraklar\u0131n nas\u0131l kazan\u0131ld\u0131\u011f\u0131n\u0131 ve korundu\u011funu bilmeli. Bunlar\u0131 eserle\u015ftirir ve an\u0131tla\u015ft\u0131r\u0131rsak ancak o zaman \u00f6\u011frenebilirler. T\u00fcrkiye Cumhuriyeti, ba\u015fta b\u00fcy\u00fck \u00d6nder Mustafa Kemal Atat\u00fcrk olmak \u00fczere, \u015fehit ve gazilerimizin omuzlar\u0131nda y\u00fckselmeye devam edecek&#8221; dedi.<br \/><\/p>\n","protected":false},"excerpt":{"rendered":"<p>Mu\u011fla B\u00fcy\u00fck\u015fehir Belediyesi, Mu\u011fla S\u0131tk\u0131 Ko\u00e7man \u00dcniversitesi ve Mu\u011fla \u015eehit Aileleri Yard\u0131mla\u015fma ve Dayan\u0131\u015fma Derne\u011fi i\u015f birli\u011fiyle haz\u0131rlanan \u2018Mu\u011fla \u015eehitler Alb\u00fcm\u00fc\u2019, \u015fehit aileleri ve gazilerin kat\u0131l\u0131m\u0131yla tan\u0131t\u0131ld\u0131. Tan\u0131t\u0131ma; K\u0131y\u0131 Ege Belediyeler Birli\u011fi ve Mu\u011fla B\u00fcy\u00fck\u015fehir Belediye Ba\u015fkan\u0131 Ahmet Aras ev sahipli\u011finde Mu\u011fla S\u0131tk\u0131 Ko\u00e7man \u00dcniversitesi Rekt\u00f6r Yard\u0131mc\u0131s\u0131 Prof. Dr. Mustafa G\u00f6k\u00e7e ve Ortaca Belediye Ba\u015fkan\u0131&#8230;<\/p>\n","protected":false},"author":1,"featured_media":25485,"comment_status":"open","ping_status":"open","sticky":false,"template":"","format":"standard","meta":{"_crdt_document":"","footnotes":""},"categories":[123],"tags":[],"class_list":["post-25484","post","type-post","status-publish","format-standard","has-post-thumbnail","hentry","category-gundem"],"_links":{"self":[{"href":"https:\/\/www.egemtv.com\/index.php?rest_route=\/wp\/v2\/posts\/25484","targetHints":{"allow":["GET"]}}],"collection":[{"href":"https:\/\/www.egemtv.com\/index.php?rest_route=\/wp\/v2\/posts"}],"about":[{"href":"https:\/\/www.egemtv.com\/index.php?rest_route=\/wp\/v2\/types\/post"}],"author":[{"embeddable":true,"href":"https:\/\/www.egemtv.com\/index.php?rest_route=\/wp\/v2\/users\/1"}],"replies":[{"embeddable":true,"href":"https:\/\/www.egemtv.com\/index.php?rest_route=%2Fwp%2Fv2%2Fcomments&post=25484"}],"version-history":[{"count":1,"href":"https:\/\/www.egemtv.com\/index.php?rest_route=\/wp\/v2\/posts\/25484\/revisions"}],"predecessor-version":[{"id":25486,"href":"https:\/\/www.egemtv.com\/index.php?rest_route=\/wp\/v2\/posts\/25484\/revisions\/25486"}],"wp:featuredmedia":[{"embeddable":true,"href":"https:\/\/www.egemtv.com\/index.php?rest_route=\/wp\/v2\/media\/25485"}],"wp:attachment":[{"href":"https:\/\/www.egemtv.com\/index.php?rest_route=%2Fwp%2Fv2%2Fmedia&parent=25484"}],"wp:term":[{"taxonomy":"category","embeddable":true,"href":"https:\/\/www.egemtv.com\/index.php?rest_route=%2Fwp%2Fv2%2Fcategories&post=25484"},{"taxonomy":"post_tag","embeddable":true,"href":"https:\/\/www.egemtv.com\/index.php?rest_route=%2Fwp%2Fv2%2Ftags&post=25484"}],"curies":[{"name":"wp","href":"https:\/\/api.w.org\/{rel}","templated":true}]}}