{"id":25481,"date":"2025-03-20T15:04:22","date_gmt":"2025-03-20T12:04:22","guid":{"rendered":"https:\/\/www.egemtv.com\/?p=25481"},"modified":"2025-03-20T15:04:26","modified_gmt":"2025-03-20T12:04:26","slug":"denizli-ticaret-odasi-londra-ife-fuarinda-yerini-aldi","status":"publish","type":"post","link":"https:\/\/www.egemtv.com\/?p=25481","title":{"rendered":"Denizli Ticaret Odas\u0131, Londra IFE Fuar\u0131nda yerini ald\u0131"},"content":{"rendered":"<p>Denizli Ticaret Odas\u0131 (DTO), ge\u00e7en y\u0131llara g\u00f6re daha da art\u0131rd\u0131\u011f\u0131 fuar organizasyonlar\u0131n\u0131 aral\u0131ks\u0131z s\u00fcrd\u00fcr\u00fcyor. Yeni y\u0131lla birlikte fuarlara y\u00f6nelik \u00e7al\u0131\u015fmalar\u0131na h\u0131z verdiklerini s\u00f6yleyen DTO Ba\u015fkan\u0131 U\u011fur Erdo\u011fan, &#8220;\u00dcyelerimizden talep oldu\u011fu m\u00fcddet\u00e7e d\u00fcnyan\u0131n d\u00f6rt bir taraf\u0131ndaki sekt\u00f6r\u00fcn\u00fcn en \u00f6nemli uluslararas\u0131 fuarlar\u0131na heyetler g\u00f6ndermeye devam edecek, stant a\u00e7an firmalar\u0131m\u0131z\u0131 yaln\u0131z b\u0131rakmayaca\u011f\u0131z. KOB\u0130\u2019lerimiz bu sayede ihracata ad\u0131m ats\u0131nlar ve \u00fclkemize daha \u00e7ok kazand\u0131rs\u0131nlar istiyoruz&#8221; dedi.<\/p>\n<p>Denizli Ticaret Odas\u0131 (DTO), aralar\u0131nda Y\u00f6netim Kurulu Ba\u015fkan Yard\u0131mc\u0131s\u0131 Hasan Arac\u0131, Y\u00f6netim Kurulu \u00dcyesi Ali \u00d6nal ile Meclis \u00dcyesi \u00d6zt\u00fcrk Ta\u015ftan, Nevzat Yak\u0131, Hamdi Y\u0131lmazl\u0131 ve Dervi\u015f Gedik\u2019in de bulundu\u011fu g\u0131da sekt\u00f6r\u00fcnde faaliyet g\u00f6steren 40\u2019tan fazla \u00fcyesiyle, Birle\u015fik Krall\u0131k\u2019\u0131n en \u00f6nemli g\u0131da organizasyonlar\u0131ndan biri olan IFE (International Food &amp; Drink Event) Londra G\u0131da Fuar\u0131\u2019na kat\u0131ld\u0131. 17-19 Mart 2025 tarihlerinde Londra\u2019da d\u00fczenlenen fuar, farkl\u0131 \u00fclkelerden 1.500\u2019\u00fcn \u00fczerinde kat\u0131l\u0131mc\u0131y\u0131 bir araya getirerek, 30 binden fazla ziyaret\u00e7iye ev sahipli\u011fi yap\u0131yor.<\/p>\n<p>T\u00fcrkiye\u2019den \u00e7ok say\u0131da firman\u0131n ilgi g\u00f6sterdi\u011fi fuarda, Denizli\u2019den de b\u0131\u00e7ak \u00fcretim firmas\u0131 vard\u0131. Fuar alan\u0131nda Denizli\u2019yi temsil eden tek firma yer ald\u0131. Denizli\u2019deki giri\u015fimcilik ruhunu ve \u00fcretim g\u00fcc\u00fcn\u00fc uluslararas\u0131 arenada ba\u015far\u0131yla sergileyen firma fuar boyunca yerli ve yabanc\u0131 bir\u00e7ok profesyonelle bir araya gelerek \u00f6nemli ticari ba\u011flant\u0131lar kurma f\u0131rsat\u0131 yakalad\u0131. DTO heyeti de firma yetkililerini yaln\u0131z b\u0131rakmad\u0131. \u0130\u015fleri ve sekt\u00f6rleri hakk\u0131nda bilgi al\u0131p ba\u015far\u0131lar diledi.<\/p>\n<p>&#8220;Profesyoneller i\u00e7in \u00f6nemli bir platform&#8221;<br \/>\n<br \/>Heyete ba\u015fkanl\u0131k eden DTO Y\u00f6netim Kurulu Ba\u015fkan Yard\u0131mc\u0131s\u0131 Hasan Arac\u0131, organizasyonlar\u0131yla ilgili olarak &#8220;ExCeL London Fuar Alan\u0131\u2019nda ger\u00e7ekle\u015ftirilen etkinlik, g\u0131da ve i\u00e7ecek sekt\u00f6r\u00fcndeki en son yenilikleri ve yeni trendleri ke\u015ffetmek isteyen profesyoneller i\u00e7in \u00f6nemli bir platformdu. Kat\u0131l\u0131mc\u0131lar\u0131na yeni \u00fcr\u00fcnleri ke\u015ffetme, sekt\u00f6r liderleriyle a\u011f kurma ve ilham verici yenilikleri deneyimleme f\u0131rsat\u0131 sa\u011flad\u0131&#8221; dedi.<\/p>\n<p>&#8220;Denizli\u2019nin giri\u015fimcilik bayra\u011f\u0131n\u0131, uluslararas\u0131 arenada bir kez daha dalgaland\u0131rd\u0131k&#8221;<br \/>\n<br \/>DTO Y\u00f6netim Kurulu Ba\u015fkan\u0131 U\u011fur Erdo\u011fan da Denizli i\u015f d\u00fcnyas\u0131n\u0131n k\u00fcresel ticaret sahnesinde daha fazla yer almas\u0131 i\u00e7in y\u00fcr\u00fctt\u00fckleri \u00e7al\u0131\u015fmalar\u0131na devam ettiklerine ve fuara kat\u0131lan firmalar ile odalar\u0131n\u0131n, Denizli\u2019nin giri\u015fimcilik bayra\u011f\u0131n\u0131 uluslararas\u0131 arenada bir kez daha dalgaland\u0131rd\u0131\u011f\u0131na dikkat \u00e7ekti.<br \/><\/p>\n","protected":false},"excerpt":{"rendered":"<p>Denizli Ticaret Odas\u0131 (DTO), ge\u00e7en y\u0131llara g\u00f6re daha da art\u0131rd\u0131\u011f\u0131 fuar organizasyonlar\u0131n\u0131 aral\u0131ks\u0131z s\u00fcrd\u00fcr\u00fcyor. Yeni y\u0131lla birlikte fuarlara y\u00f6nelik \u00e7al\u0131\u015fmalar\u0131na h\u0131z verdiklerini s\u00f6yleyen DTO Ba\u015fkan\u0131 U\u011fur Erdo\u011fan, &#8220;\u00dcyelerimizden talep oldu\u011fu m\u00fcddet\u00e7e d\u00fcnyan\u0131n d\u00f6rt bir taraf\u0131ndaki sekt\u00f6r\u00fcn\u00fcn en \u00f6nemli uluslararas\u0131 fuarlar\u0131na heyetler g\u00f6ndermeye devam edecek, stant a\u00e7an firmalar\u0131m\u0131z\u0131 yaln\u0131z b\u0131rakmayaca\u011f\u0131z. KOB\u0130\u2019lerimiz bu sayede ihracata ad\u0131m ats\u0131nlar&#8230;<\/p>\n","protected":false},"author":1,"featured_media":25482,"comment_status":"open","ping_status":"open","sticky":false,"template":"","format":"standard","meta":{"_crdt_document":"","footnotes":""},"categories":[125],"tags":[],"class_list":["post-25481","post","type-post","status-publish","format-standard","has-post-thumbnail","hentry","category-ekonomi"],"_links":{"self":[{"href":"https:\/\/www.egemtv.com\/index.php?rest_route=\/wp\/v2\/posts\/25481","targetHints":{"allow":["GET"]}}],"collection":[{"href":"https:\/\/www.egemtv.com\/index.php?rest_route=\/wp\/v2\/posts"}],"about":[{"href":"https:\/\/www.egemtv.com\/index.php?rest_route=\/wp\/v2\/types\/post"}],"author":[{"embeddable":true,"href":"https:\/\/www.egemtv.com\/index.php?rest_route=\/wp\/v2\/users\/1"}],"replies":[{"embeddable":true,"href":"https:\/\/www.egemtv.com\/index.php?rest_route=%2Fwp%2Fv2%2Fcomments&post=25481"}],"version-history":[{"count":1,"href":"https:\/\/www.egemtv.com\/index.php?rest_route=\/wp\/v2\/posts\/25481\/revisions"}],"predecessor-version":[{"id":25483,"href":"https:\/\/www.egemtv.com\/index.php?rest_route=\/wp\/v2\/posts\/25481\/revisions\/25483"}],"wp:featuredmedia":[{"embeddable":true,"href":"https:\/\/www.egemtv.com\/index.php?rest_route=\/wp\/v2\/media\/25482"}],"wp:attachment":[{"href":"https:\/\/www.egemtv.com\/index.php?rest_route=%2Fwp%2Fv2%2Fmedia&parent=25481"}],"wp:term":[{"taxonomy":"category","embeddable":true,"href":"https:\/\/www.egemtv.com\/index.php?rest_route=%2Fwp%2Fv2%2Fcategories&post=25481"},{"taxonomy":"post_tag","embeddable":true,"href":"https:\/\/www.egemtv.com\/index.php?rest_route=%2Fwp%2Fv2%2Ftags&post=25481"}],"curies":[{"name":"wp","href":"https:\/\/api.w.org\/{rel}","templated":true}]}}