{"id":25475,"date":"2025-03-20T15:04:13","date_gmt":"2025-03-20T12:04:13","guid":{"rendered":"https:\/\/www.egemtv.com\/?p=25475"},"modified":"2025-03-20T15:04:17","modified_gmt":"2025-03-20T12:04:17","slug":"nazillide-ayakkabicilar-sokagi-yenileniyor-2","status":"publish","type":"post","link":"https:\/\/www.egemtv.com\/?p=25475","title":{"rendered":"Nazilli\u2019de Ayakkab\u0131c\u0131lar Soka\u011f\u0131 yenileniyor"},"content":{"rendered":"<p>Nazilli Belediye Ba\u015fkan\u0131 Dr. Ertu\u011frul Tetik, \u00e7ar\u015f\u0131 b\u00f6lgesinde Ayakkab\u0131c\u0131lar Soka\u011f\u0131 olarak bilinen ve ya\u011f\u0131\u015fl\u0131 havalarda hem esnaflar\u0131n hem de halk\u0131n ma\u011fduriyet ya\u015fad\u0131\u011f\u0131 alanda ba\u015ftan sona yenileme \u00e7al\u0131\u015fmas\u0131na ba\u015flad\u0131klar\u0131n\u0131 belirtti.<\/p>\n<p>Nazilli Belediyesi Fen \u0130\u015fleri M\u00fcd\u00fcrl\u00fc\u011f\u00fc ekipleri, Alt\u0131nta\u015f Mahallesi 332 Sokak\u2019\u0131n \u00e7at\u0131 k\u0131sm\u0131nda yenileme \u00e7al\u0131\u015fmas\u0131 ba\u015flatt\u0131. Ge\u00e7ti\u011fimiz ay b\u00f6lgede inceleme yaparak esnaflarla g\u00f6r\u00fc\u015fen ve halk\u0131n sorunlar\u0131n\u0131 yerinde dinleyen Belediye Ba\u015fkan\u0131 Dr. Ertu\u011frul Tetik, \u00e7al\u0131\u015fmalar\u0131n k\u0131sa s\u00fcrede ba\u015flat\u0131laca\u011f\u0131n\u0131 dile getirmi\u015fti. Daire m\u00fcd\u00fcrleri ile yapt\u0131\u011f\u0131 g\u00f6r\u00fc\u015fmelerin ard\u0131ndan b\u00f6lgenin yenilenmesi talimat\u0131 veren Ba\u015fkan Tetik, Ramazan Bayram\u0131 \u00f6ncesi \u00e7al\u0131\u015fmalar\u0131n tamamlanaca\u011f\u0131n\u0131 ifade etti.<\/p>\n<p>\u00c7al\u0131\u015fmalar kapsam\u0131nda kullan\u0131m \u00f6mr\u00fcn\u00fc tamamlayan eski \u00e7at\u0131 komple kald\u0131r\u0131larak malzeme kalitesi y\u00fcksek, soka\u011f\u0131n daha ayd\u0131nl\u0131k g\u00f6r\u00fcnmesini sa\u011flayacak ve ya\u011fmur ge\u00e7i\u015fini engelleyecek yeni \u00e7at\u0131 monte edilmeye ba\u015flad\u0131. Nazilli\u2019nin merkezinden ba\u015flayarak en uzak noktas\u0131na kadar her mahallesine hizmet ula\u015ft\u0131rmak i\u00e7in \u00e7al\u0131\u015ft\u0131klar\u0131n\u0131 ifade eden Ba\u015fkan Tetik, &#8220;S\u00f6z verdi\u011fimiz gibi \u00e7al\u0131\u015fmalar\u0131m\u0131z\u0131 ba\u015flatt\u0131k. Bayram \u00f6ncesinde \u00e7al\u0131\u015fmalar\u0131m\u0131z\u0131 tamamlay\u0131p halk\u0131m\u0131z\u0131n bayram al\u0131\u015fveri\u015flerini rahatl\u0131kla yapmas\u0131 i\u00e7in faaliyetlerimize h\u0131z verdik. Hem genel g\u00f6r\u00fcn\u00fcm\u00fcn iyile\u015ftirilmesi hem de esnaf\u0131m\u0131z\u0131n rahat etmesi i\u00e7in \u00e7al\u0131\u015f\u0131yoruz. Eme\u011fi ge\u00e7en t\u00fcm personelime te\u015fekk\u00fcr ediyorum&#8221; dedi.<br \/><\/p>\n","protected":false},"excerpt":{"rendered":"<p>Nazilli Belediye Ba\u015fkan\u0131 Dr. Ertu\u011frul Tetik, \u00e7ar\u015f\u0131 b\u00f6lgesinde Ayakkab\u0131c\u0131lar Soka\u011f\u0131 olarak bilinen ve ya\u011f\u0131\u015fl\u0131 havalarda hem esnaflar\u0131n hem de halk\u0131n ma\u011fduriyet ya\u015fad\u0131\u011f\u0131 alanda ba\u015ftan sona yenileme \u00e7al\u0131\u015fmas\u0131na ba\u015flad\u0131klar\u0131n\u0131 belirtti. Nazilli Belediyesi Fen \u0130\u015fleri M\u00fcd\u00fcrl\u00fc\u011f\u00fc ekipleri, Alt\u0131nta\u015f Mahallesi 332 Sokak\u2019\u0131n \u00e7at\u0131 k\u0131sm\u0131nda yenileme \u00e7al\u0131\u015fmas\u0131 ba\u015flatt\u0131. Ge\u00e7ti\u011fimiz ay b\u00f6lgede inceleme yaparak esnaflarla g\u00f6r\u00fc\u015fen ve halk\u0131n sorunlar\u0131n\u0131 yerinde&#8230;<\/p>\n","protected":false},"author":1,"featured_media":25476,"comment_status":"open","ping_status":"open","sticky":false,"template":"","format":"standard","meta":{"_crdt_document":"","footnotes":""},"categories":[1],"tags":[],"class_list":["post-25475","post","type-post","status-publish","format-standard","has-post-thumbnail","hentry","category-guncel"],"_links":{"self":[{"href":"https:\/\/www.egemtv.com\/index.php?rest_route=\/wp\/v2\/posts\/25475","targetHints":{"allow":["GET"]}}],"collection":[{"href":"https:\/\/www.egemtv.com\/index.php?rest_route=\/wp\/v2\/posts"}],"about":[{"href":"https:\/\/www.egemtv.com\/index.php?rest_route=\/wp\/v2\/types\/post"}],"author":[{"embeddable":true,"href":"https:\/\/www.egemtv.com\/index.php?rest_route=\/wp\/v2\/users\/1"}],"replies":[{"embeddable":true,"href":"https:\/\/www.egemtv.com\/index.php?rest_route=%2Fwp%2Fv2%2Fcomments&post=25475"}],"version-history":[{"count":1,"href":"https:\/\/www.egemtv.com\/index.php?rest_route=\/wp\/v2\/posts\/25475\/revisions"}],"predecessor-version":[{"id":25477,"href":"https:\/\/www.egemtv.com\/index.php?rest_route=\/wp\/v2\/posts\/25475\/revisions\/25477"}],"wp:featuredmedia":[{"embeddable":true,"href":"https:\/\/www.egemtv.com\/index.php?rest_route=\/wp\/v2\/media\/25476"}],"wp:attachment":[{"href":"https:\/\/www.egemtv.com\/index.php?rest_route=%2Fwp%2Fv2%2Fmedia&parent=25475"}],"wp:term":[{"taxonomy":"category","embeddable":true,"href":"https:\/\/www.egemtv.com\/index.php?rest_route=%2Fwp%2Fv2%2Fcategories&post=25475"},{"taxonomy":"post_tag","embeddable":true,"href":"https:\/\/www.egemtv.com\/index.php?rest_route=%2Fwp%2Fv2%2Ftags&post=25475"}],"curies":[{"name":"wp","href":"https:\/\/api.w.org\/{rel}","templated":true}]}}