{"id":25469,"date":"2025-03-20T14:44:00","date_gmt":"2025-03-20T11:44:00","guid":{"rendered":"https:\/\/www.egemtv.com\/?p=25469"},"modified":"2025-03-20T14:44:03","modified_gmt":"2025-03-20T11:44:03","slug":"denizli-tarim-ve-orman-mudurlugunden-cks-urun-guncelleme-uyarisi","status":"publish","type":"post","link":"https:\/\/www.egemtv.com\/?p=25469","title":{"rendered":"Denizli Tar\u0131m ve Orman M\u00fcd\u00fcrl\u00fc\u011f\u00fcnden \u00c7KS \u00fcr\u00fcn g\u00fcncelleme uyar\u0131s\u0131"},"content":{"rendered":"<p>Tar\u0131m ve Orman Bakanl\u0131\u011f\u0131, Bitkisel \u00dcretim Genel M\u00fcd\u00fcrl\u00fc\u011f\u00fcnce uygulamaya konulan 2025 y\u0131l\u0131 \u00c7ift\u00e7i Kay\u0131t Sistemi (\u00c7KS) \u00dcr\u00fcn G\u00fcncellemesi ba\u015fvurular\u0131 15 Mart itibar\u0131yla ba\u015flad\u0131.<\/p>\n<p>2025 y\u0131l\u0131 \u00c7ift\u00e7i Kay\u0131t Sistemi (\u00c7KS) \u00fcr\u00fcn g\u00fcncellemesi ilgili bir a\u00e7\u0131klama yapan Denizli \u0130l Tar\u0131m ve Orman M\u00fcd\u00fcr\u00fc \u015eakir \u00c7\u0131nar, &#8220;2025 \u00fcretim y\u0131l\u0131 \u00c7ift\u00e7i Kay\u0131t Sistemi (\u00c7KS) ba\u015fvurular\u0131, 01 Eyl\u00fcl-31 Aral\u0131k tarihleri aras\u0131nda tamamlanm\u0131\u015f olup, tar\u0131m arazileri \u00fczerindeki \u00fcretim bilgilerinin g\u00fcncellenmesi i\u00e7in \u00fcreticilerimizin, 15 Mart &#8211; 15 Nisan 2025 tarihleri aras\u0131nda e-Devlet \u00fczerinden ya da il\/il\u00e7e M\u00fcd\u00fcrl\u00fcklerimize m\u00fcracaat etmeleri gerekmektedir. Tar\u0131msal \u00dcretimin Planlanmas\u0131 Kurulu taraf\u0131ndan arpa, aspir, ay\u00e7i\u00e7e\u011fi (ya\u011fl\u0131k), bu\u011fday, kolza (kanola), fasulye (kuru), mercimek, m\u0131s\u0131r (dane), nohut, pamuk (k\u00fctl\u00fc), patates, so\u011fan (kuru), soya ve yem bitkileri planlama kapsam\u0131na al\u0131nd\u0131.<br \/>\n<br \/>\u0130lgili \u00fcretim y\u0131l\u0131nda planlama kapsam\u0131ndaki \u00fcr\u00fcnlere, Tar\u0131msal \u00dcretimin Planlanmas\u0131 Kurulu taraf\u0131ndan belirlenen tar\u0131m havzalar\u0131nda; planlama kapsam\u0131na al\u0131nmayan \u00fcr\u00fcnlere ise t\u00fcm havzalarda belirlenen kategoriye g\u00f6re hesaplanan tutar \u00fczerinden temel destek \u00f6denir. \u00dcretim planlamas\u0131ndaki \u00fcr\u00fcnlerin tar\u0131m havzas\u0131 d\u0131\u015f\u0131nda yeti\u015ftirilmesi durumunda temel, planl\u0131 \u00fcretim ve \u00fcretimi geli\u015ftirme deste\u011fi \u00f6demesi yap\u0131lmaz. Temel ve planl\u0131 \u00fcretim desteklemelerinde \u0130l\/\u0130l\u00e7e Tar\u0131m ve Orman M\u00fcd\u00fcrl\u00fc\u011f\u00fc taraf\u0131ndan her \u00fcretim y\u0131l\u0131nda planlama kapsam\u0131ndaki \u00fcr\u00fcnlerin \u00fcretim alanlar\u0131n\u0131n tamam\u0131, planlama kapsam\u0131nda olmayan \u00fcr\u00fcnlerin \u00fcretim alanlar\u0131 ise \u00f6rnekleme y\u00f6ntemiyle kontrol edilecektir. Yap\u0131lacak kontrollerde co\u011frafi bilgi sistemleri, uzaktan alg\u0131lama, insans\u0131z hava arac\u0131 gibi teknolojik imk\u00e2nlar veya yerinde tespit y\u00f6ntemleri kullan\u0131lacakt\u0131r. \u00dcr\u00fcnlerinde de\u011fi\u015fiklik olan \u00e7ift\u00e7ilerimiz, ba\u015fvurular\u0131n\u0131 zaman\u0131nda yapmazlarsa ma\u011fduriyet ya\u015fayabilirler. \u00dcreticilerimizin ma\u011fduriyet ya\u015famamalar\u0131 i\u00e7in belirtilen tarihler aras\u0131nda ba\u015fvurular\u0131n\u0131 tamamlamalar\u0131 gerekmektedir. 2025 y\u0131l\u0131 \u00c7KS d\u00f6neminde beyan edilen \u00fcr\u00fcn bilgilerinde de\u011fi\u015fiklik olmayan \u00e7ift\u00e7ilerin herhangi bir i\u015flem yapmalar\u0131na gerek yoktur. \u00c7ift\u00e7ilerin, ba\u015fvuru s\u00fcrecinde ma\u011fduriyet ya\u015famamalar\u0131 i\u00e7in gerekli \u00f6zeni g\u00f6stermelerini \u00f6nemle hat\u0131rlatmak istiyorum&#8221; ifadelerini kulland\u0131.<br \/><\/p>\n","protected":false},"excerpt":{"rendered":"<p>Tar\u0131m ve Orman Bakanl\u0131\u011f\u0131, Bitkisel \u00dcretim Genel M\u00fcd\u00fcrl\u00fc\u011f\u00fcnce uygulamaya konulan 2025 y\u0131l\u0131 \u00c7ift\u00e7i Kay\u0131t Sistemi (\u00c7KS) \u00dcr\u00fcn G\u00fcncellemesi ba\u015fvurular\u0131 15 Mart itibar\u0131yla ba\u015flad\u0131. 2025 y\u0131l\u0131 \u00c7ift\u00e7i Kay\u0131t Sistemi (\u00c7KS) \u00fcr\u00fcn g\u00fcncellemesi ilgili bir a\u00e7\u0131klama yapan Denizli \u0130l Tar\u0131m ve Orman M\u00fcd\u00fcr\u00fc \u015eakir \u00c7\u0131nar, &#8220;2025 \u00fcretim y\u0131l\u0131 \u00c7ift\u00e7i Kay\u0131t Sistemi (\u00c7KS) ba\u015fvurular\u0131, 01 Eyl\u00fcl-31 Aral\u0131k tarihleri&#8230;<\/p>\n","protected":false},"author":1,"featured_media":25470,"comment_status":"open","ping_status":"open","sticky":false,"template":"","format":"standard","meta":{"_crdt_document":"","footnotes":""},"categories":[125],"tags":[],"class_list":["post-25469","post","type-post","status-publish","format-standard","has-post-thumbnail","hentry","category-ekonomi"],"_links":{"self":[{"href":"https:\/\/www.egemtv.com\/index.php?rest_route=\/wp\/v2\/posts\/25469","targetHints":{"allow":["GET"]}}],"collection":[{"href":"https:\/\/www.egemtv.com\/index.php?rest_route=\/wp\/v2\/posts"}],"about":[{"href":"https:\/\/www.egemtv.com\/index.php?rest_route=\/wp\/v2\/types\/post"}],"author":[{"embeddable":true,"href":"https:\/\/www.egemtv.com\/index.php?rest_route=\/wp\/v2\/users\/1"}],"replies":[{"embeddable":true,"href":"https:\/\/www.egemtv.com\/index.php?rest_route=%2Fwp%2Fv2%2Fcomments&post=25469"}],"version-history":[{"count":1,"href":"https:\/\/www.egemtv.com\/index.php?rest_route=\/wp\/v2\/posts\/25469\/revisions"}],"predecessor-version":[{"id":25471,"href":"https:\/\/www.egemtv.com\/index.php?rest_route=\/wp\/v2\/posts\/25469\/revisions\/25471"}],"wp:featuredmedia":[{"embeddable":true,"href":"https:\/\/www.egemtv.com\/index.php?rest_route=\/wp\/v2\/media\/25470"}],"wp:attachment":[{"href":"https:\/\/www.egemtv.com\/index.php?rest_route=%2Fwp%2Fv2%2Fmedia&parent=25469"}],"wp:term":[{"taxonomy":"category","embeddable":true,"href":"https:\/\/www.egemtv.com\/index.php?rest_route=%2Fwp%2Fv2%2Fcategories&post=25469"},{"taxonomy":"post_tag","embeddable":true,"href":"https:\/\/www.egemtv.com\/index.php?rest_route=%2Fwp%2Fv2%2Ftags&post=25469"}],"curies":[{"name":"wp","href":"https:\/\/api.w.org\/{rel}","templated":true}]}}