{"id":25466,"date":"2025-03-20T14:43:56","date_gmt":"2025-03-20T11:43:56","guid":{"rendered":"https:\/\/www.egemtv.com\/?p=25466"},"modified":"2025-03-20T14:44:00","modified_gmt":"2025-03-20T11:44:00","slug":"ispartada-tekel-bayi-soygunu-soygun-ani-guvenlik-kamerasinda","status":"publish","type":"post","link":"https:\/\/www.egemtv.com\/?p=25466","title":{"rendered":"Isparta\u2019da tekel bayi soygunu: Soygun an\u0131 g\u00fcvenlik kameras\u0131nda"},"content":{"rendered":"<p>Isparta\u2019da bir tekel bayinin cam\u0131n\u0131 k\u0131rarak i\u00e7eri giren \u015fah\u0131s, i\u00e7ki \u00e7ald\u0131ktan sonra ka\u00e7t\u0131. Polis ekipleri taraf\u0131ndan yakalanan \u015f\u00fcpheli, ifadesinin ard\u0131ndan \u00e7\u0131kar\u0131ld\u0131\u011f\u0131 mahkemece tutukland\u0131. Olay an\u0131 g\u00fcvenlik kameras\u0131na yans\u0131d\u0131.<br \/>\n<br \/>Olay, saat 04.30 s\u0131ralar\u0131nda Mimar Sinan Caddesi\u2019nde bulunan bir tekel bayisinde meydana geldi. Edinilen bilgiye g\u00f6re, B.\u00c7. isimli \u015fah\u0131s, bir tekel bayinin \u00f6n\u00fcne gelerek elindeki ta\u015fla cam\u0131 k\u0131rd\u0131 ve i\u00e7eriye girerek dolaptan i\u00e7ki ald\u0131. Daha sonra h\u0131zla uzakla\u015fan B.\u00c7., i\u015f yeri sahibinin \u015fikayeti \u00fczerine polis ekipleri taraf\u0131ndan yap\u0131lan \u00e7al\u0131\u015fma sonucunda yakaland\u0131. \u0130fadesinin ard\u0131ndan sevk edildi\u011fi mahkemece tutukland\u0131.<\/p>\n<p>Olay anbean kaydedildi<br \/>\n<br \/>G\u00fcvenlik kameras\u0131 g\u00f6r\u00fcnt\u00fclerinde, B.\u00c7.\u2019nin elindeki ta\u015flarla i\u015f yerinin cam\u0131n\u0131 k\u0131rarak i\u00e7eri girdi\u011fi ve dolaptan i\u00e7ki ald\u0131ktan sonra h\u0131zla uzakla\u015ft\u0131\u011f\u0131 anbean kaydedildi.<br \/><\/p>\n","protected":false},"excerpt":{"rendered":"<p>Isparta\u2019da bir tekel bayinin cam\u0131n\u0131 k\u0131rarak i\u00e7eri giren \u015fah\u0131s, i\u00e7ki \u00e7ald\u0131ktan sonra ka\u00e7t\u0131. Polis ekipleri taraf\u0131ndan yakalanan \u015f\u00fcpheli, ifadesinin ard\u0131ndan \u00e7\u0131kar\u0131ld\u0131\u011f\u0131 mahkemece tutukland\u0131. Olay an\u0131 g\u00fcvenlik kameras\u0131na yans\u0131d\u0131. Olay, saat 04.30 s\u0131ralar\u0131nda Mimar Sinan Caddesi\u2019nde bulunan bir tekel bayisinde meydana geldi. Edinilen bilgiye g\u00f6re, B.\u00c7. isimli \u015fah\u0131s, bir tekel bayinin \u00f6n\u00fcne gelerek elindeki ta\u015fla cam\u0131&#8230;<\/p>\n","protected":false},"author":1,"featured_media":25467,"comment_status":"open","ping_status":"open","sticky":false,"template":"","format":"standard","meta":{"_crdt_document":"","footnotes":""},"categories":[5],"tags":[],"class_list":["post-25466","post","type-post","status-publish","format-standard","has-post-thumbnail","hentry","category-asayis"],"_links":{"self":[{"href":"https:\/\/www.egemtv.com\/index.php?rest_route=\/wp\/v2\/posts\/25466","targetHints":{"allow":["GET"]}}],"collection":[{"href":"https:\/\/www.egemtv.com\/index.php?rest_route=\/wp\/v2\/posts"}],"about":[{"href":"https:\/\/www.egemtv.com\/index.php?rest_route=\/wp\/v2\/types\/post"}],"author":[{"embeddable":true,"href":"https:\/\/www.egemtv.com\/index.php?rest_route=\/wp\/v2\/users\/1"}],"replies":[{"embeddable":true,"href":"https:\/\/www.egemtv.com\/index.php?rest_route=%2Fwp%2Fv2%2Fcomments&post=25466"}],"version-history":[{"count":1,"href":"https:\/\/www.egemtv.com\/index.php?rest_route=\/wp\/v2\/posts\/25466\/revisions"}],"predecessor-version":[{"id":25468,"href":"https:\/\/www.egemtv.com\/index.php?rest_route=\/wp\/v2\/posts\/25466\/revisions\/25468"}],"wp:featuredmedia":[{"embeddable":true,"href":"https:\/\/www.egemtv.com\/index.php?rest_route=\/wp\/v2\/media\/25467"}],"wp:attachment":[{"href":"https:\/\/www.egemtv.com\/index.php?rest_route=%2Fwp%2Fv2%2Fmedia&parent=25466"}],"wp:term":[{"taxonomy":"category","embeddable":true,"href":"https:\/\/www.egemtv.com\/index.php?rest_route=%2Fwp%2Fv2%2Fcategories&post=25466"},{"taxonomy":"post_tag","embeddable":true,"href":"https:\/\/www.egemtv.com\/index.php?rest_route=%2Fwp%2Fv2%2Ftags&post=25466"}],"curies":[{"name":"wp","href":"https:\/\/api.w.org\/{rel}","templated":true}]}}