{"id":25463,"date":"2025-03-20T14:43:53","date_gmt":"2025-03-20T11:43:53","guid":{"rendered":"https:\/\/www.egemtv.com\/?p=25463"},"modified":"2025-03-20T14:43:56","modified_gmt":"2025-03-20T11:43:56","slug":"bucakta-hububat-deposundaki-yangini-itfaiye-sondurdu","status":"publish","type":"post","link":"https:\/\/www.egemtv.com\/?p=25463","title":{"rendered":"Bucak\u2019ta hububat deposundaki yang\u0131n\u0131 itfaiye s\u00f6nd\u00fcrd\u00fc"},"content":{"rendered":"<p>Burdur\u2019un Bucak il\u00e7esinde hububat deposunda \u00e7\u0131kan yang\u0131n, itfaiye erlerinin m\u00fcdahalesiyle s\u00f6nd\u00fcr\u00fcld\u00fc.<br \/>\n<br \/>Yang\u0131n, saat 11.40 s\u0131ralar\u0131nda Bucak il\u00e7esi O\u011fuzhan Sanayi Sitesi\u2019nde meydana geldi. Edinilen bilgilere g\u00f6re, Davut S.\u2019ye ait hububat deposu olarak kullan\u0131lan i\u015f yerinde, odun ve lastiklerin tutu\u015fmas\u0131 sonucu yang\u0131n \u00e7\u0131kt\u0131. \u00c7evredeki vatanda\u015flar\u0131n 112 Acil \u00c7a\u011fr\u0131 Merkezine ihbar\u0131 \u00fczerine b\u00f6lgeye itfaiye ve polis ekipleri sevk edildi. Olay yerine ula\u015fan itfaiye ekiplerinin m\u00fcdahalesi ile yang\u0131n k\u0131sa s\u00fcrede kontrol alt\u0131na al\u0131narak s\u00f6nd\u00fcr\u00fcld\u00fc. Yang\u0131n\u0131n \u00e7\u0131k\u0131\u015f nedeni ara\u015ft\u0131r\u0131l\u0131yor.<br \/><\/p>\n","protected":false},"excerpt":{"rendered":"<p>Burdur\u2019un Bucak il\u00e7esinde hububat deposunda \u00e7\u0131kan yang\u0131n, itfaiye erlerinin m\u00fcdahalesiyle s\u00f6nd\u00fcr\u00fcld\u00fc. Yang\u0131n, saat 11.40 s\u0131ralar\u0131nda Bucak il\u00e7esi O\u011fuzhan Sanayi Sitesi\u2019nde meydana geldi. Edinilen bilgilere g\u00f6re, Davut S.\u2019ye ait hububat deposu olarak kullan\u0131lan i\u015f yerinde, odun ve lastiklerin tutu\u015fmas\u0131 sonucu yang\u0131n \u00e7\u0131kt\u0131. \u00c7evredeki vatanda\u015flar\u0131n 112 Acil \u00c7a\u011fr\u0131 Merkezine ihbar\u0131 \u00fczerine b\u00f6lgeye itfaiye ve polis ekipleri sevk&#8230;<\/p>\n","protected":false},"author":1,"featured_media":25464,"comment_status":"open","ping_status":"open","sticky":false,"template":"","format":"standard","meta":{"_crdt_document":"","footnotes":""},"categories":[5],"tags":[],"class_list":["post-25463","post","type-post","status-publish","format-standard","has-post-thumbnail","hentry","category-asayis"],"_links":{"self":[{"href":"https:\/\/www.egemtv.com\/index.php?rest_route=\/wp\/v2\/posts\/25463","targetHints":{"allow":["GET"]}}],"collection":[{"href":"https:\/\/www.egemtv.com\/index.php?rest_route=\/wp\/v2\/posts"}],"about":[{"href":"https:\/\/www.egemtv.com\/index.php?rest_route=\/wp\/v2\/types\/post"}],"author":[{"embeddable":true,"href":"https:\/\/www.egemtv.com\/index.php?rest_route=\/wp\/v2\/users\/1"}],"replies":[{"embeddable":true,"href":"https:\/\/www.egemtv.com\/index.php?rest_route=%2Fwp%2Fv2%2Fcomments&post=25463"}],"version-history":[{"count":1,"href":"https:\/\/www.egemtv.com\/index.php?rest_route=\/wp\/v2\/posts\/25463\/revisions"}],"predecessor-version":[{"id":25465,"href":"https:\/\/www.egemtv.com\/index.php?rest_route=\/wp\/v2\/posts\/25463\/revisions\/25465"}],"wp:featuredmedia":[{"embeddable":true,"href":"https:\/\/www.egemtv.com\/index.php?rest_route=\/wp\/v2\/media\/25464"}],"wp:attachment":[{"href":"https:\/\/www.egemtv.com\/index.php?rest_route=%2Fwp%2Fv2%2Fmedia&parent=25463"}],"wp:term":[{"taxonomy":"category","embeddable":true,"href":"https:\/\/www.egemtv.com\/index.php?rest_route=%2Fwp%2Fv2%2Fcategories&post=25463"},{"taxonomy":"post_tag","embeddable":true,"href":"https:\/\/www.egemtv.com\/index.php?rest_route=%2Fwp%2Fv2%2Ftags&post=25463"}],"curies":[{"name":"wp","href":"https:\/\/api.w.org\/{rel}","templated":true}]}}