{"id":25454,"date":"2025-03-20T14:06:19","date_gmt":"2025-03-20T11:06:19","guid":{"rendered":"https:\/\/www.egemtv.com\/?p=25454"},"modified":"2025-03-20T14:06:24","modified_gmt":"2025-03-20T11:06:24","slug":"ihlas-pazarlamadan-denizlide-gorkemli-acilis","status":"publish","type":"post","link":"https:\/\/www.egemtv.com\/?p=25454","title":{"rendered":"\u0130hlas Pazarlama\u2019dan Denizli\u2019de g\u00f6rkemli a\u00e7\u0131l\u0131\u015f"},"content":{"rendered":"<p>\u0130hlas Pazarlama Denizli B\u00f6lge M\u00fcd\u00fcrl\u00fc\u011f\u00fc, kent merkezinde farkl\u0131 noktalarda faaliyet g\u00f6steren t\u00fcm birimlerini tek \u00e7at\u0131 alt\u0131nda toplad\u0131. 7 katl\u0131 \u0130hlas Plazay\u0131 hizmete a\u00e7an \u0130hlas Pazarlama Genel M\u00fcd\u00fcr\u00fc Orhan Korkusuz, &#8220;\u0130hlas bayra\u011f\u0131n\u0131 en iyi yere ta\u015f\u0131yaca\u011f\u0131z&#8221; dedi.<br \/>\n<br \/>\u0130hlas Pazarlama Denizli B\u00f6lge M\u00fcd\u00fcrl\u00fc\u011f\u00fc, merkez Pamukkale ve Merkezefendi il\u00e7esinin farkl\u0131 konumlar\u0131nda faaliyetlerini s\u00fcrd\u00fcren b\u00f6lge m\u00fcd\u00fcrl\u00fc\u011f\u00fc, y\u00f6netim, ofis \u015fubeleri ve \u00e7a\u011fr\u0131 merkezini tek \u00e7at\u0131 alt\u0131nda toplad\u0131. Merkezefendi il\u00e7esine ba\u011fl\u0131 Saraylar Mahallesi Gazi Mustafa Kemal Bulvar\u0131ndaki 7 katl\u0131 plazada hizmetlerini s\u00fcrd\u00fcrecek olan \u0130hlas Pazarlama Denizli B\u00f6lge M\u00fcd\u00fcrl\u00fc\u011f\u00fcn\u00fcn yeni yuvas\u0131 \u0130hlas Pazarlama Genel M\u00fcd\u00fcr\u00fc Orhan Korkusuz taraf\u0131ndan hizmete a\u00e7\u0131ld\u0131. A\u00e7\u0131l\u0131\u015fa Genel M\u00fcd\u00fcr Korkusuz\u2019un yan\u0131 s\u0131ra \u0130hlas Pazarlama Genel M\u00fcd\u00fcr Yard\u0131mc\u0131s\u0131 Yakup \u00d6zayd\u0131n, \u0130hlas Pazarlama Denizli B\u00f6lge M\u00fcd\u00fcr\u00fc Soner Varol, \u0130hlas Vakf\u0131 Denizli Yurt M\u00fcd\u00fcr\u00fc Mustafa Alparslan, davetli b\u00f6lge m\u00fcd\u00fcrleri ve \u00e7al\u0131\u015fanlar kat\u0131ld\u0131.<\/p>\n<p>&#8220;\u0130hlas bayra\u011f\u0131n\u0131 en iyi yere ta\u015f\u0131yaca\u011f\u0131z&#8221;<br \/>\n<br \/>\u0130hlas Pazarlama \u00e7al\u0131\u015fanlar\u0131 taraf\u0131ndan co\u015fkuyla kar\u015f\u0131lanan \u0130hlas Pazarlama Genel M\u00fcd\u00fcr\u00fc Orhan Korkusuz, a\u00e7\u0131l\u0131\u015fta yapt\u0131\u011f\u0131 konu\u015fmada; &#8220;\u0130hlas Pazarlamada 10 y\u0131ld\u0131r y\u00f6neticilik yap\u0131yorum. 10 y\u0131ll\u0131k s\u00fcrede diyebilirim ki Denizli bizim i\u00e7in \u00e7ok \u00f6zel ve katk\u0131 sa\u011flayan bir \u015fehir oldu. Her zaman performans\u0131yla g\u00f6z kama\u015ft\u0131ran Denizli\u2019nin kendisine yak\u0131\u015fmad\u0131\u011f\u0131n\u0131 d\u00fc\u015f\u00fcnd\u00fc\u011f\u00fcm\u00fcz bir yuvas\u0131 vard\u0131. Oras\u0131 s\u0131cak samimi olabilirdi ancak kendisine yak\u0131\u015fm\u0131yordu. Zaman i\u00e7erisinde i\u015flerimiz ne kadar g\u00fczel olursa olsun enerjimiz y\u00fckseltecek yerlere do\u011fru ta\u015f\u0131nma politikas\u0131n\u0131 t\u00fcm T\u00fcrkiye\u2019de yapt\u0131k. T\u00fcm T\u00fcrkiye\u2019de \u0130hlas bayra\u011f\u0131n\u0131 en iyi ta\u015f\u0131yacak yerler olu\u015fturmaya gayret ettik. Arkada\u015flar\u0131m\u0131z\u0131n enerjilerin y\u00fcksek yerlerde \u00e7al\u0131\u015fmalar\u0131n\u0131 temenni ettik. Bu vesile ile de \u00fclkemizin her yerinde b\u00f6lge merkezlerimizi yeniledik. Bu d\u00fc\u015f\u00fcnceye uygun ma\u011fazalar a\u00e7t\u0131k. Bu de\u011fi\u015fime Denizli\u2019de kat\u0131larak do\u011fru ve g\u00fczel karar verdi. \u0130n\u015fallah bizle ihlas bayra\u011f\u0131n\u0131 en iyi ve en g\u00fczeler yerlerde ekip arkada\u015flar\u0131m\u0131zla birlikte ta\u015f\u0131yaca\u011f\u0131z. Hay\u0131rl\u0131 ve bereketli olmas\u0131n\u0131 diliyorum&#8221; dedi.<br \/>\n<br \/>\u0130hlas Vakf\u0131 Denizli Yurt M\u00fcd\u00fcr\u00fc Mustafa Alparslan\u2019\u0131n yapt\u0131\u011f\u0131 duan\u0131n ard\u0131ndan yeni bina Genel M\u00fcd\u00fcr Korkusuz ve davetliler taraf\u0131ndan dualarla hizmete a\u00e7\u0131ld\u0131. Daha sonra 7 katl\u0131 plazadaki t\u00fcm birimleri tek tek gezen Korkusuz, Denizli B\u00f6lge M\u00fcd\u00fcr\u00fc Varol\u2019dan yap\u0131lan \u00e7al\u0131\u015fmalar hakk\u0131nda detayl\u0131 bilgi ald\u0131.<br \/><\/p>\n","protected":false},"excerpt":{"rendered":"<p>\u0130hlas Pazarlama Denizli B\u00f6lge M\u00fcd\u00fcrl\u00fc\u011f\u00fc, kent merkezinde farkl\u0131 noktalarda faaliyet g\u00f6steren t\u00fcm birimlerini tek \u00e7at\u0131 alt\u0131nda toplad\u0131. 7 katl\u0131 \u0130hlas Plazay\u0131 hizmete a\u00e7an \u0130hlas Pazarlama Genel M\u00fcd\u00fcr\u00fc Orhan Korkusuz, &#8220;\u0130hlas bayra\u011f\u0131n\u0131 en iyi yere ta\u015f\u0131yaca\u011f\u0131z&#8221; dedi. \u0130hlas Pazarlama Denizli B\u00f6lge M\u00fcd\u00fcrl\u00fc\u011f\u00fc, merkez Pamukkale ve Merkezefendi il\u00e7esinin farkl\u0131 konumlar\u0131nda faaliyetlerini s\u00fcrd\u00fcren b\u00f6lge m\u00fcd\u00fcrl\u00fc\u011f\u00fc, y\u00f6netim, ofis \u015fubeleri&#8230;<\/p>\n","protected":false},"author":1,"featured_media":25455,"comment_status":"open","ping_status":"open","sticky":false,"template":"","format":"standard","meta":{"_crdt_document":"","footnotes":""},"categories":[125],"tags":[],"class_list":["post-25454","post","type-post","status-publish","format-standard","has-post-thumbnail","hentry","category-ekonomi"],"_links":{"self":[{"href":"https:\/\/www.egemtv.com\/index.php?rest_route=\/wp\/v2\/posts\/25454","targetHints":{"allow":["GET"]}}],"collection":[{"href":"https:\/\/www.egemtv.com\/index.php?rest_route=\/wp\/v2\/posts"}],"about":[{"href":"https:\/\/www.egemtv.com\/index.php?rest_route=\/wp\/v2\/types\/post"}],"author":[{"embeddable":true,"href":"https:\/\/www.egemtv.com\/index.php?rest_route=\/wp\/v2\/users\/1"}],"replies":[{"embeddable":true,"href":"https:\/\/www.egemtv.com\/index.php?rest_route=%2Fwp%2Fv2%2Fcomments&post=25454"}],"version-history":[{"count":1,"href":"https:\/\/www.egemtv.com\/index.php?rest_route=\/wp\/v2\/posts\/25454\/revisions"}],"predecessor-version":[{"id":25456,"href":"https:\/\/www.egemtv.com\/index.php?rest_route=\/wp\/v2\/posts\/25454\/revisions\/25456"}],"wp:featuredmedia":[{"embeddable":true,"href":"https:\/\/www.egemtv.com\/index.php?rest_route=\/wp\/v2\/media\/25455"}],"wp:attachment":[{"href":"https:\/\/www.egemtv.com\/index.php?rest_route=%2Fwp%2Fv2%2Fmedia&parent=25454"}],"wp:term":[{"taxonomy":"category","embeddable":true,"href":"https:\/\/www.egemtv.com\/index.php?rest_route=%2Fwp%2Fv2%2Fcategories&post=25454"},{"taxonomy":"post_tag","embeddable":true,"href":"https:\/\/www.egemtv.com\/index.php?rest_route=%2Fwp%2Fv2%2Ftags&post=25454"}],"curies":[{"name":"wp","href":"https:\/\/api.w.org\/{rel}","templated":true}]}}