{"id":25451,"date":"2025-03-20T13:44:37","date_gmt":"2025-03-20T10:44:37","guid":{"rendered":"https:\/\/www.egemtv.com\/?p=25451"},"modified":"2025-03-20T13:44:40","modified_gmt":"2025-03-20T10:44:40","slug":"milli-egemenlik-ilkokulu-ogretmenleri-erasmusprojesi-ile-macaristandaydi","status":"publish","type":"post","link":"https:\/\/www.egemtv.com\/?p=25451","title":{"rendered":"Milli Egemenlik \u0130lkokulu \u00f6\u011fretmenleri Erasmus+Projesi ile Macaristan\u2019dayd\u0131"},"content":{"rendered":"<p>K\u00fctahya\u2019n\u0131n Tav\u015fanl\u0131 il\u00e7esindeki Milli Egemenlik \u0130lkokulu \u00f6\u011fretmenleri, Avrupa Birli\u011fi destekli Erasmus+ projesi kapsam\u0131nda Macaristan\u2019\u0131n ba\u015fkenti Budape\u015fte\u2019de \u00f6nemli bir e\u011fitim deneyimi ya\u015fad\u0131lar. S\u0131n\u0131f \u00d6\u011fretmeni Seval Karakartal Bi\u015f\u011fin, S\u0131n\u0131f \u00d6\u011fretmeni Orkun Akman ve M\u00fcd\u00fcr Yard\u0131mc\u0131s\u0131 Harun Y\u0131lmaz, K\u00fctahya \u0130l Milli E\u011fitim M\u00fcd\u00fcrl\u00fc\u011f\u00fc Ar-Ge Birimi taraf\u0131ndan haz\u0131rlanan ve Avrupa Birli\u011fi taraf\u0131ndan finanse edilen 2024-1-TR01-KA122-SCH-000224161 numaral\u0131 Erasmus+projesi kapsam\u0131nda, 17-21 \u015eubat 2025 tarihleri aras\u0131nda Budape\u015fte\u2019deki Szemere Bertalan Okulu\u2019nda i\u015f ba\u015f\u0131 g\u00f6zlem yapt\u0131lar.<br \/>\n<br \/>Be\u015f g\u00fcn s\u00fcren g\u00f6zlem boyunca \u00f6\u011fretmenler, Macaristan e\u011fitim sistemini, okuldaki uygulamalar\u0131 ve T\u00fcrkiye\u2019de uygulanabilecek y\u00f6ntemleri yerinde inceleyerek deneyim kazand\u0131lar. Macaristan\u2019daki e\u011fitim uygulamalar\u0131 hakk\u0131nda detayl\u0131 bilgi edinen \u00f6\u011fretmenler, bu deneyimlerini T\u00fcrkiye\u2019deki e\u011fitim sistemi ile kar\u015f\u0131la\u015ft\u0131rmal\u0131 olarak de\u011ferlendirme f\u0131rsat\u0131 buldular.<br \/>\n<br \/>Macaristan\u2019daki deneyimlerini sadece kendilerine saklamayan \u00f6\u011fretmenler, T\u00fcrkiye\u2019ye d\u00f6nd\u00fcklerinde okul \u00f6\u011fretmenleri ve z\u00fcmre \u00f6\u011fretmenleri ile bir araya gelerek edindikleri bilgileri payla\u015facaklar. Bu sayede projenin yayg\u0131nla\u015fmas\u0131 ve daha fazla \u00f6\u011fretmene ula\u015fmas\u0131 hedefleniyor.<br \/>\n<br \/>Yo\u011fun ge\u00e7en be\u015f g\u00fcnl\u00fck g\u00f6zlem s\u00fcrecinin ard\u0131ndan \u00f6\u011fretmenler, kat\u0131l\u0131m sertifikalar\u0131n\u0131 alarak Tav\u015fanl\u0131\u2019daki okullar\u0131na d\u00f6nd\u00fcler. Bu \u00f6nemli projede eme\u011fi ge\u00e7en herkese te\u015fekk\u00fcrlerini ileten \u00f6\u011fretmenler, edindikleri bilgi ve deneyimlerin T\u00fcrk e\u011fitim sistemine katk\u0131 sa\u011flayaca\u011f\u0131na inand\u0131klar\u0131n\u0131 belirttiler.<br \/>\n<br \/>Bu proje, Tav\u015fanl\u0131\u2019daki e\u011fitimcilerin Avrupa\u2019daki e\u011fitim sistemlerini yak\u0131ndan tan\u0131malar\u0131na, farkl\u0131 k\u00fclt\u00fcrleri deneyimlemelerine ve mesleki geli\u015fimlerine katk\u0131 sa\u011flamalar\u0131na imkan tan\u0131d\u0131. Proje sayesinde elde edilen bilgi ve deneyimlerin, Tav\u015fanl\u0131\u2019daki ve T\u00fcrkiye\u2019deki e\u011fitim kalitesinin artmas\u0131na katk\u0131 sa\u011flamas\u0131 bekleniyor.<br \/><\/p>\n","protected":false},"excerpt":{"rendered":"<p>K\u00fctahya\u2019n\u0131n Tav\u015fanl\u0131 il\u00e7esindeki Milli Egemenlik \u0130lkokulu \u00f6\u011fretmenleri, Avrupa Birli\u011fi destekli Erasmus+ projesi kapsam\u0131nda Macaristan\u2019\u0131n ba\u015fkenti Budape\u015fte\u2019de \u00f6nemli bir e\u011fitim deneyimi ya\u015fad\u0131lar. S\u0131n\u0131f \u00d6\u011fretmeni Seval Karakartal Bi\u015f\u011fin, S\u0131n\u0131f \u00d6\u011fretmeni Orkun Akman ve M\u00fcd\u00fcr Yard\u0131mc\u0131s\u0131 Harun Y\u0131lmaz, K\u00fctahya \u0130l Milli E\u011fitim M\u00fcd\u00fcrl\u00fc\u011f\u00fc Ar-Ge Birimi taraf\u0131ndan haz\u0131rlanan ve Avrupa Birli\u011fi taraf\u0131ndan finanse edilen 2024-1-TR01-KA122-SCH-000224161 numaral\u0131 Erasmus+projesi kapsam\u0131nda, 17-21&#8230;<\/p>\n","protected":false},"author":1,"featured_media":25452,"comment_status":"open","ping_status":"open","sticky":false,"template":"","format":"standard","meta":{"_crdt_document":"","footnotes":""},"categories":[1],"tags":[],"class_list":["post-25451","post","type-post","status-publish","format-standard","has-post-thumbnail","hentry","category-guncel"],"_links":{"self":[{"href":"https:\/\/www.egemtv.com\/index.php?rest_route=\/wp\/v2\/posts\/25451","targetHints":{"allow":["GET"]}}],"collection":[{"href":"https:\/\/www.egemtv.com\/index.php?rest_route=\/wp\/v2\/posts"}],"about":[{"href":"https:\/\/www.egemtv.com\/index.php?rest_route=\/wp\/v2\/types\/post"}],"author":[{"embeddable":true,"href":"https:\/\/www.egemtv.com\/index.php?rest_route=\/wp\/v2\/users\/1"}],"replies":[{"embeddable":true,"href":"https:\/\/www.egemtv.com\/index.php?rest_route=%2Fwp%2Fv2%2Fcomments&post=25451"}],"version-history":[{"count":1,"href":"https:\/\/www.egemtv.com\/index.php?rest_route=\/wp\/v2\/posts\/25451\/revisions"}],"predecessor-version":[{"id":25453,"href":"https:\/\/www.egemtv.com\/index.php?rest_route=\/wp\/v2\/posts\/25451\/revisions\/25453"}],"wp:featuredmedia":[{"embeddable":true,"href":"https:\/\/www.egemtv.com\/index.php?rest_route=\/wp\/v2\/media\/25452"}],"wp:attachment":[{"href":"https:\/\/www.egemtv.com\/index.php?rest_route=%2Fwp%2Fv2%2Fmedia&parent=25451"}],"wp:term":[{"taxonomy":"category","embeddable":true,"href":"https:\/\/www.egemtv.com\/index.php?rest_route=%2Fwp%2Fv2%2Fcategories&post=25451"},{"taxonomy":"post_tag","embeddable":true,"href":"https:\/\/www.egemtv.com\/index.php?rest_route=%2Fwp%2Fv2%2Ftags&post=25451"}],"curies":[{"name":"wp","href":"https:\/\/api.w.org\/{rel}","templated":true}]}}