{"id":25448,"date":"2025-03-20T13:44:32","date_gmt":"2025-03-20T10:44:32","guid":{"rendered":"https:\/\/www.egemtv.com\/?p=25448"},"modified":"2025-03-20T13:44:37","modified_gmt":"2025-03-20T10:44:37","slug":"ak-partili-umit-arslandan-baskan-balkanin-sozlerine-tepki","status":"publish","type":"post","link":"https:\/\/www.egemtv.com\/?p=25448","title":{"rendered":"AK Partili \u00dcmit Arslan\u2019dan Ba\u015fkan Balkan\u2019\u0131n s\u00f6zlerine tepki"},"content":{"rendered":"<p>\u0130zmir\u2019de AK Parti Urla Belediye Meclis \u00dcyesi \u00dcmit Arslan, Urla Belediye Ba\u015fkan\u0131 Sel\u00e7uk Balkan\u2019\u0131n Cumhurba\u015fkan\u0131 Recep Tayyip Erdo\u011fan\u2019a y\u00f6nelik s\u00f6ylemlerine tepki g\u00f6sterdi. Arslan, Ba\u015fkan Balkan\u2019\u0131n ithamlarda bulundu\u011funu, siyasi s\u0131n\u0131rlar\u0131 a\u015ft\u0131\u011f\u0131n\u0131, kad\u0131nlar\u0131 a\u015fa\u011f\u0131layan \u00fcslup kulland\u0131\u011f\u0131n\u0131, pop\u00fclist s\u00f6ylemlerde bulundu\u011funu, siyasi sorumlulu\u011fun olmad\u0131\u011f\u0131n\u0131 ve ciddiyet eksikli\u011fine sahip oldu\u011funu ifade etti.<br \/>\n<br \/>AK Parti Urla Belediye Meclis \u00dcyesi \u00dcmit Arslan, Urla Belediye Ba\u015fkan\u0131 Sel\u00e7uk Balkan\u2019\u0131n ge\u00e7ti\u011fimiz g\u00fcnlerde Cumhurba\u015fkan\u0131 Recep Tayyip Erdo\u011fan ile ilgili s\u00f6yledi\u011fi s\u00f6zlere tepki g\u00f6sterdi. Balkan\u2019\u0131n yapt\u0131\u011f\u0131 a\u00e7\u0131klamalar\u0131n, siyasi ele\u015ftirinin \u00f6tesinde oldu\u011funu, Cumhurba\u015fkanl\u0131\u011f\u0131 makam\u0131na y\u00f6nelik as\u0131ls\u0131z ithamlar i\u00e7erdi\u011fini ve kad\u0131nlar\u0131 de\u011fersizle\u015ftiren bir dil kulland\u0131\u011f\u0131n\u0131 belirten Arslan, &#8220;A\u00e7\u0131klamalar do\u011frudan Cumhurba\u015fkan\u0131\u2019na y\u00f6nelik bir sald\u0131r\u0131 niteli\u011finde. Ele\u015ftiri, demokrasinin bir gere\u011fidir ancak bir belediye ba\u015fkan\u0131n\u0131n, devletin en \u00fcst makam\u0131na y\u00f6nelik b\u00f6yle d\u00fczeysiz bir \u00fcslupla konu\u015fmas\u0131, siyasi ciddiyetle uzla\u015fmaz. Bir belediye ba\u015fkan\u0131, yerel y\u00f6netim g\u00f6revine odaklanmal\u0131 ve merkezi y\u00f6netimle yap\u0131c\u0131 bir ili\u015fki kurmal\u0131d\u0131r&#8221; diye konu\u015ftu.<\/p>\n<p>&#8220;Kad\u0131nlar\u0131 de\u011fersizle\u015ftiren ifadeler kabul edilemez&#8221;<br \/>\n<br \/>S\u00f6zlerini s\u00fcrd\u00fcren Arslan, &#8220;Balkan\u2019\u0131n \u2019Yatta metresiyle gezene ucuz mazot veren de\u011fil\u2019 ifadesi, siyasi bir polemik olu\u015fturmakla kalm\u0131yor, ayn\u0131 zamanda kad\u0131nlar\u0131 a\u015fa\u011f\u0131layan bir dil i\u00e7eriyor. Kamuya mal olmu\u015f bir siyaset\u00e7inin, kad\u0131nlar\u0131 bu \u015fekilde de\u011fersizle\u015ftiren ifadeler kullanmas\u0131 kabul edilemez. Kad\u0131n haklar\u0131n\u0131n savunulmas\u0131 gereken bir d\u00f6nemde, bu t\u00fcr s\u00f6ylemler hem etik a\u00e7\u0131dan hem de toplumsal bilin\u00e7 a\u00e7\u0131s\u0131ndan b\u00fcy\u00fck bir yanl\u0131\u015f i\u00e7eriyor&#8221; dedi.<\/p>\n<p>&#8220;Ciddiyet eksikli\u011fi&#8221;<br \/>\n<br \/>Balkan\u2019\u0131n &#8220;\u00c7ift\u00e7iye ucuz mazot verecek cumhurba\u015fkan\u0131 ar\u0131yoruz&#8221; s\u00f6yleminin nas\u0131l sa\u011flanaca\u011f\u0131na dair somut bir \u00e7\u00f6z\u00fcm i\u00e7ermedi\u011fini belirten Arslan, \u015funlar\u0131 s\u00f6yledi: &#8220;Pop\u00fclist s\u00f6ylemlerle g\u00fcndem olu\u015fturmaya \u00e7al\u0131\u015fan bir belediye ba\u015fkan\u0131n\u0131n, ger\u00e7ek\u00e7i politika \u00fcretmek yerine sansasyon olu\u015fturmay\u0131 tercih etti\u011fi g\u00f6r\u00fcl\u00fcyor. Sel\u00e7uk Balkan\u2019\u0131n a\u00e7\u0131klamalar\u0131, yaln\u0131zca muhalefet yapmak ad\u0131na seviyesizle\u015fmi\u015f bir \u00fcslubu yans\u0131t\u0131yor. Cumhurba\u015fkan\u0131na y\u00f6nelik bu t\u00fcr ithamlar, halk nezdinde bir kar\u015f\u0131l\u0131k bulmayaca\u011f\u0131 gibi, kabul edilemez bir s\u00f6ylemdir. Bir belediye ba\u015fkan\u0131, yerel y\u00f6netimde halka hizmet etmekle y\u00fck\u00fcml\u00fcd\u00fcr. Ancak Balkan, yetkisini a\u015farak devletin y\u00f6netim yap\u0131s\u0131na do\u011frudan m\u00fcdahale etmeye \u00e7al\u0131\u015fmaktad\u0131r. Bir belediye ba\u015fkan\u0131n\u0131n, halk\u0131n sorunlar\u0131na \u00e7\u00f6z\u00fcm \u00fcretmek yerine, b\u00f6yle bir dil kullanarak siyaseti \u00e7irkinle\u015ftirmesi, hem etik hem de siyasi a\u00e7\u0131dan b\u00fcy\u00fck bir hatad\u0131r&#8221;&#8221;<br \/><\/p>\n","protected":false},"excerpt":{"rendered":"<p>\u0130zmir\u2019de AK Parti Urla Belediye Meclis \u00dcyesi \u00dcmit Arslan, Urla Belediye Ba\u015fkan\u0131 Sel\u00e7uk Balkan\u2019\u0131n Cumhurba\u015fkan\u0131 Recep Tayyip Erdo\u011fan\u2019a y\u00f6nelik s\u00f6ylemlerine tepki g\u00f6sterdi. Arslan, Ba\u015fkan Balkan\u2019\u0131n ithamlarda bulundu\u011funu, siyasi s\u0131n\u0131rlar\u0131 a\u015ft\u0131\u011f\u0131n\u0131, kad\u0131nlar\u0131 a\u015fa\u011f\u0131layan \u00fcslup kulland\u0131\u011f\u0131n\u0131, pop\u00fclist s\u00f6ylemlerde bulundu\u011funu, siyasi sorumlulu\u011fun olmad\u0131\u011f\u0131n\u0131 ve ciddiyet eksikli\u011fine sahip oldu\u011funu ifade etti. AK Parti Urla Belediye Meclis \u00dcyesi \u00dcmit Arslan,&#8230;<\/p>\n","protected":false},"author":1,"featured_media":25449,"comment_status":"open","ping_status":"open","sticky":false,"template":"","format":"standard","meta":{"_crdt_document":"","footnotes":""},"categories":[127],"tags":[],"class_list":["post-25448","post","type-post","status-publish","format-standard","has-post-thumbnail","hentry","category-siyaset"],"_links":{"self":[{"href":"https:\/\/www.egemtv.com\/index.php?rest_route=\/wp\/v2\/posts\/25448","targetHints":{"allow":["GET"]}}],"collection":[{"href":"https:\/\/www.egemtv.com\/index.php?rest_route=\/wp\/v2\/posts"}],"about":[{"href":"https:\/\/www.egemtv.com\/index.php?rest_route=\/wp\/v2\/types\/post"}],"author":[{"embeddable":true,"href":"https:\/\/www.egemtv.com\/index.php?rest_route=\/wp\/v2\/users\/1"}],"replies":[{"embeddable":true,"href":"https:\/\/www.egemtv.com\/index.php?rest_route=%2Fwp%2Fv2%2Fcomments&post=25448"}],"version-history":[{"count":1,"href":"https:\/\/www.egemtv.com\/index.php?rest_route=\/wp\/v2\/posts\/25448\/revisions"}],"predecessor-version":[{"id":25450,"href":"https:\/\/www.egemtv.com\/index.php?rest_route=\/wp\/v2\/posts\/25448\/revisions\/25450"}],"wp:featuredmedia":[{"embeddable":true,"href":"https:\/\/www.egemtv.com\/index.php?rest_route=\/wp\/v2\/media\/25449"}],"wp:attachment":[{"href":"https:\/\/www.egemtv.com\/index.php?rest_route=%2Fwp%2Fv2%2Fmedia&parent=25448"}],"wp:term":[{"taxonomy":"category","embeddable":true,"href":"https:\/\/www.egemtv.com\/index.php?rest_route=%2Fwp%2Fv2%2Fcategories&post=25448"},{"taxonomy":"post_tag","embeddable":true,"href":"https:\/\/www.egemtv.com\/index.php?rest_route=%2Fwp%2Fv2%2Ftags&post=25448"}],"curies":[{"name":"wp","href":"https:\/\/api.w.org\/{rel}","templated":true}]}}