{"id":25445,"date":"2025-03-20T13:44:27","date_gmt":"2025-03-20T10:44:27","guid":{"rendered":"https:\/\/www.egemtv.com\/?p=25445"},"modified":"2025-03-20T13:44:32","modified_gmt":"2025-03-20T10:44:32","slug":"bayraklida-esnafa-hizli-cozum","status":"publish","type":"post","link":"https:\/\/www.egemtv.com\/?p=25445","title":{"rendered":"Bayrakl\u0131\u2019da esnafa h\u0131zl\u0131 \u00e7\u00f6z\u00fcm"},"content":{"rendered":"<p>Bayrakl\u0131 Belediyesi, il\u00e7ede faaliyet g\u00f6steren esnaf\u0131n taleplerine daha h\u0131zl\u0131 yan\u0131t vermek ve i\u015flerini kolayla\u015ft\u0131rmak amac\u0131yla hayata ge\u00e7irdi\u011fi \u2018Esnaf Masas\u0131\u2019 uygulamas\u0131 kapsam\u0131nda saha ziyaretlerine ba\u015flad\u0131. Belediye ekipleri, i\u015f yerlerini tek tek ziyaret ederek esnaf\u0131n talep, \u00f6neri ve \u015fikayetlerini dinliyor, ruhsat i\u015flemleriyle yak\u0131ndan ilgileniyor.<\/p>\n<p>Bayrakl\u0131 Belediyesi ana hizmet binas\u0131n\u0131n 3\u2019\u00fcnc\u00fc kat\u0131nda faaliyet g\u00f6steren Esnaf Masas\u0131, hem belediye binas\u0131nda hem de sahada aktif olarak hizmet veriyor. Ruhsat ve Denetim M\u00fcd\u00fcrl\u00fc\u011f\u00fc ile Zab\u0131ta M\u00fcd\u00fcrl\u00fc\u011f\u00fc personelinin g\u00f6rev ald\u0131\u011f\u0131 birim, esnaf\u0131n ruhsat i\u015flemlerini h\u0131zland\u0131r\u0131rken ya\u015fanan aksakl\u0131klara da \u00e7\u00f6z\u00fcm \u00fcretiyor. \u0130\u015f yerlerine yap\u0131lan ziyaretlerde, ruhsat s\u00fcre\u00e7leri hakk\u0131nda bilgilendirme yap\u0131l\u0131rken esnaf\u0131n talepleri yerinde de\u011ferlendiriliyor. Ekipler, esnaf\u0131n i\u015fleyi\u015fini kolayla\u015ft\u0131ran uygulama ile hizmet kalitesini art\u0131rmay\u0131 hedefliyor.<\/p>\n<p>&#8220;Esnaf\u0131m\u0131z\u0131n her zaman yan\u0131nday\u0131z<br \/>\n<br \/>Bayrakl\u0131 Belediye Ba\u015fkan\u0131 \u0130rfan \u00d6nal, &#8220;Bayrakl\u0131\u2019daki esnaf\u0131m\u0131z\u0131n i\u015flerini daha h\u0131zl\u0131 tamamlayabilmesi, sorunlar\u0131n\u0131 en k\u0131sa s\u00fcrede \u00e7\u00f6zebilmesi i\u00e7in Esnaf Masam\u0131z\u0131 sahaya ta\u015f\u0131d\u0131k. Belediyemizde verdi\u011fimiz hizmeti, i\u015f yerlerinde de s\u00fcrd\u00fcr\u00fcyoruz. Ekiplerimiz esnaf\u0131m\u0131z\u0131 tek tek ziyaret ederek taleplerini dinliyor, \u00e7\u00f6z\u00fcm \u00fcretiyor. Ruhsat i\u015flemleri ba\u015fta olmak \u00fczere her konuda esnaf\u0131m\u0131z\u0131n yan\u0131nda oluyoruz. Bayrakl\u0131\u2019da en iyi hizmeti toplumun her kesimine e\u015fit ve adil \u015fekilde ula\u015ft\u0131rmaya devam edece\u011fiz&#8221; dedi.<br \/><\/p>\n","protected":false},"excerpt":{"rendered":"<p>Bayrakl\u0131 Belediyesi, il\u00e7ede faaliyet g\u00f6steren esnaf\u0131n taleplerine daha h\u0131zl\u0131 yan\u0131t vermek ve i\u015flerini kolayla\u015ft\u0131rmak amac\u0131yla hayata ge\u00e7irdi\u011fi \u2018Esnaf Masas\u0131\u2019 uygulamas\u0131 kapsam\u0131nda saha ziyaretlerine ba\u015flad\u0131. Belediye ekipleri, i\u015f yerlerini tek tek ziyaret ederek esnaf\u0131n talep, \u00f6neri ve \u015fikayetlerini dinliyor, ruhsat i\u015flemleriyle yak\u0131ndan ilgileniyor. Bayrakl\u0131 Belediyesi ana hizmet binas\u0131n\u0131n 3\u2019\u00fcnc\u00fc kat\u0131nda faaliyet g\u00f6steren Esnaf Masas\u0131, hem belediye&#8230;<\/p>\n","protected":false},"author":1,"featured_media":25446,"comment_status":"open","ping_status":"open","sticky":false,"template":"","format":"standard","meta":{"_crdt_document":"","footnotes":""},"categories":[1],"tags":[],"class_list":["post-25445","post","type-post","status-publish","format-standard","has-post-thumbnail","hentry","category-guncel"],"_links":{"self":[{"href":"https:\/\/www.egemtv.com\/index.php?rest_route=\/wp\/v2\/posts\/25445","targetHints":{"allow":["GET"]}}],"collection":[{"href":"https:\/\/www.egemtv.com\/index.php?rest_route=\/wp\/v2\/posts"}],"about":[{"href":"https:\/\/www.egemtv.com\/index.php?rest_route=\/wp\/v2\/types\/post"}],"author":[{"embeddable":true,"href":"https:\/\/www.egemtv.com\/index.php?rest_route=\/wp\/v2\/users\/1"}],"replies":[{"embeddable":true,"href":"https:\/\/www.egemtv.com\/index.php?rest_route=%2Fwp%2Fv2%2Fcomments&post=25445"}],"version-history":[{"count":1,"href":"https:\/\/www.egemtv.com\/index.php?rest_route=\/wp\/v2\/posts\/25445\/revisions"}],"predecessor-version":[{"id":25447,"href":"https:\/\/www.egemtv.com\/index.php?rest_route=\/wp\/v2\/posts\/25445\/revisions\/25447"}],"wp:featuredmedia":[{"embeddable":true,"href":"https:\/\/www.egemtv.com\/index.php?rest_route=\/wp\/v2\/media\/25446"}],"wp:attachment":[{"href":"https:\/\/www.egemtv.com\/index.php?rest_route=%2Fwp%2Fv2%2Fmedia&parent=25445"}],"wp:term":[{"taxonomy":"category","embeddable":true,"href":"https:\/\/www.egemtv.com\/index.php?rest_route=%2Fwp%2Fv2%2Fcategories&post=25445"},{"taxonomy":"post_tag","embeddable":true,"href":"https:\/\/www.egemtv.com\/index.php?rest_route=%2Fwp%2Fv2%2Ftags&post=25445"}],"curies":[{"name":"wp","href":"https:\/\/api.w.org\/{rel}","templated":true}]}}