{"id":25442,"date":"2025-03-20T13:22:30","date_gmt":"2025-03-20T10:22:30","guid":{"rendered":"https:\/\/www.egemtv.com\/?p=25442"},"modified":"2025-03-20T13:22:35","modified_gmt":"2025-03-20T10:22:35","slug":"devrilen-otobuste-hayatini-kaybeden-yolcunun-ailesiyle-birlikte-30-kilometre-once-araca-bindigi-ortaya-cikti","status":"publish","type":"post","link":"https:\/\/www.egemtv.com\/?p=25442","title":{"rendered":"Devrilen otob\u00fcste hayat\u0131n\u0131 kaybeden yolcunun ailesiyle birlikte 30 kilometre \u00f6nce araca bindi\u011fi ortaya \u00e7\u0131kt\u0131"},"content":{"rendered":"<p>Afyonkarahisar\u2019da sabah erken saatlerde ya\u015fanan trafik kazas\u0131nda hayat\u0131n\u0131 kaybeden gen\u00e7 adam\u0131n, kazaya kar\u0131\u015fan otob\u00fcse olay mahallinden sadece 30 kilometre \u00f6nce bindi\u011fi ortaya \u00e7\u0131kt\u0131.<br \/>\n<br \/>Kaza, sabah erken saatlerde Sinanpa\u015fa il\u00e7esine ba\u011fl\u0131 K\u0131l\u0131\u00e7arslan beldesi giri\u015finde meydana geldi. Edinilen bilgilere g\u00f6re, M.A.K. (38) idaresindeki 10 HD 307 plakal\u0131 Temsa marka Isparta Petrol Turizm firmas\u0131na ait Alanya- Ankara seferini yapan otob\u00fcs kontrolden \u00e7\u0131karak \u015farampole devrildi. \u0130hbar \u00fczerine b\u00f6lge jandarma ve sa\u011fl\u0131k ekipleri sevk edildi. Kazada otob\u00fcste yolcu olarak bulunun S\u00fcleyman K\u0131rc\u0131 (30) isimli olay yerinde ya\u015fam\u0131n\u0131 yitirdi. Kazada yaralanan 25 ki\u015fi ise sa\u011fl\u0131k ekipleri taraf\u0131ndan Afyonkarahisar Devlet Hastanesi ve \u00fcniversite hastanesine g\u00f6t\u00fcr\u00fcld\u00fc. Yaral\u0131lardan birinin durumun a\u011f\u0131r oldu\u011fu a\u00e7\u0131kland\u0131.<br \/>\n<br \/>Olayda ya\u015fam\u0131n\u0131 yitiren K\u0131rc\u0131\u2019n\u0131n ya\u015fad\u0131\u011f\u0131 Sand\u0131kl\u0131 il\u00e7esinden e\u015fi Yeter Tunay K\u0131rc\u0131 ve 3 ya\u015f\u0131ndaki o\u011flu M.E.K. ile otob\u00fcse bindi\u011fi \u00f6\u011frenildi. Otob\u00fcs, Ankara\u2019ya do\u011fru hareket ettikten 30 kilometre sonra K\u0131l\u0131\u00e7arslan beldesi giri\u015finde kontrolden \u00e7\u0131karak \u015farampole devrildi. Kazada devrilen otob\u00fcs\u00fcn alt\u0131nda kalan S\u00fcleyman K\u0131rc\u0131 olay yerinde ya\u015fam\u0131n\u0131 yitirirken, kar\u0131s\u0131 ve o\u011flu ise yaraland\u0131. Yeter Tunay K\u0131rc\u0131\u2019n\u0131n sa\u011fl\u0131k durumunun ciddiyetini korudu\u011fu bildirildi. K\u0131rc\u0131 ailesinin Ankara\u2019da akraba ziyaretine gittikleri \u00f6\u011frenildi.<br \/>\n<br \/>Olayla ilgili savc\u0131l\u0131k taraf\u0131ndan ba\u015flat\u0131lan soru\u015fturma devam ederken g\u00f6zalt\u0131na al\u0131nan otob\u00fcs \u015fof\u00f6r\u00fc M.A.K.\u2019n\u0131n jandarmadaki i\u015flemlerinin devam etti\u011fi bildirildi.<br \/><\/p>\n","protected":false},"excerpt":{"rendered":"<p>Afyonkarahisar\u2019da sabah erken saatlerde ya\u015fanan trafik kazas\u0131nda hayat\u0131n\u0131 kaybeden gen\u00e7 adam\u0131n, kazaya kar\u0131\u015fan otob\u00fcse olay mahallinden sadece 30 kilometre \u00f6nce bindi\u011fi ortaya \u00e7\u0131kt\u0131. Kaza, sabah erken saatlerde Sinanpa\u015fa il\u00e7esine ba\u011fl\u0131 K\u0131l\u0131\u00e7arslan beldesi giri\u015finde meydana geldi. Edinilen bilgilere g\u00f6re, M.A.K. (38) idaresindeki 10 HD 307 plakal\u0131 Temsa marka Isparta Petrol Turizm firmas\u0131na ait Alanya- Ankara seferini&#8230;<\/p>\n","protected":false},"author":1,"featured_media":25443,"comment_status":"open","ping_status":"open","sticky":false,"template":"","format":"standard","meta":{"_crdt_document":"","footnotes":""},"categories":[5],"tags":[],"class_list":["post-25442","post","type-post","status-publish","format-standard","has-post-thumbnail","hentry","category-asayis"],"_links":{"self":[{"href":"https:\/\/www.egemtv.com\/index.php?rest_route=\/wp\/v2\/posts\/25442","targetHints":{"allow":["GET"]}}],"collection":[{"href":"https:\/\/www.egemtv.com\/index.php?rest_route=\/wp\/v2\/posts"}],"about":[{"href":"https:\/\/www.egemtv.com\/index.php?rest_route=\/wp\/v2\/types\/post"}],"author":[{"embeddable":true,"href":"https:\/\/www.egemtv.com\/index.php?rest_route=\/wp\/v2\/users\/1"}],"replies":[{"embeddable":true,"href":"https:\/\/www.egemtv.com\/index.php?rest_route=%2Fwp%2Fv2%2Fcomments&post=25442"}],"version-history":[{"count":1,"href":"https:\/\/www.egemtv.com\/index.php?rest_route=\/wp\/v2\/posts\/25442\/revisions"}],"predecessor-version":[{"id":25444,"href":"https:\/\/www.egemtv.com\/index.php?rest_route=\/wp\/v2\/posts\/25442\/revisions\/25444"}],"wp:featuredmedia":[{"embeddable":true,"href":"https:\/\/www.egemtv.com\/index.php?rest_route=\/wp\/v2\/media\/25443"}],"wp:attachment":[{"href":"https:\/\/www.egemtv.com\/index.php?rest_route=%2Fwp%2Fv2%2Fmedia&parent=25442"}],"wp:term":[{"taxonomy":"category","embeddable":true,"href":"https:\/\/www.egemtv.com\/index.php?rest_route=%2Fwp%2Fv2%2Fcategories&post=25442"},{"taxonomy":"post_tag","embeddable":true,"href":"https:\/\/www.egemtv.com\/index.php?rest_route=%2Fwp%2Fv2%2Ftags&post=25442"}],"curies":[{"name":"wp","href":"https:\/\/api.w.org\/{rel}","templated":true}]}}