{"id":25439,"date":"2025-03-20T13:02:27","date_gmt":"2025-03-20T10:02:27","guid":{"rendered":"https:\/\/www.egemtv.com\/?p=25439"},"modified":"2025-03-20T13:02:31","modified_gmt":"2025-03-20T10:02:31","slug":"manisada-zirai-don-tehlikesi-devam-ediyor","status":"publish","type":"post","link":"https:\/\/www.egemtv.com\/?p=25439","title":{"rendered":"Manisa\u2019da zirai don tehlikesi devam ediyor"},"content":{"rendered":"<p>Sar\u0131g\u00f6l Ziraat Odas\u0131 Ba\u015fkan\u0131 Ali \u0130hsan \u00dclgen b\u00f6lgede devam eden zirai don tehlikesinin iki g\u00fcn daha devam edece\u011fini ifade ederek \u00fcreticileri uyard\u0131.<br \/>\n<br \/>Sar\u0131g\u00f6l Ziraat Odas\u0131 Ba\u015fkan\u0131 Ali \u0130hsan \u00dclgen, &#8220;Gece il\u00e7ede don olay\u0131 ya\u015fand\u0131. \u00c7evreden edindi\u011fim bilgiye g\u00f6re sadece Tekeliler Mahallesinde var. \u0130l\u00e7e ve \u00e7evresinde bug\u00fcn ve yar\u0131n yine don tehlikesi bulunmakta ve bu nedenle ba\u011flarda imkanlar \u00f6l\u00e7\u00fcs\u00fcnde saman yada lastik yak\u0131larak \u00f6nlem al\u0131nmas\u0131nda yarar vard\u0131r.&#8221; uyar\u0131s\u0131nda bulundu.<br \/>\n<br \/>Sar\u0131g\u00f6l \u0130l\u00e7e Tar\u0131m ve Orman M\u00fcd\u00fcr\u00fc Ahmet Akar ise \u015fu ana kadar Sar\u0131g\u00f6l ve \u00e7evresinden kendilerine ula\u015fan bir don zarar\u0131 ihbar\u0131 bulunmad\u0131\u011f\u0131n\u0131 bildirdi.<br \/><\/p>\n","protected":false},"excerpt":{"rendered":"<p>Sar\u0131g\u00f6l Ziraat Odas\u0131 Ba\u015fkan\u0131 Ali \u0130hsan \u00dclgen b\u00f6lgede devam eden zirai don tehlikesinin iki g\u00fcn daha devam edece\u011fini ifade ederek \u00fcreticileri uyard\u0131. Sar\u0131g\u00f6l Ziraat Odas\u0131 Ba\u015fkan\u0131 Ali \u0130hsan \u00dclgen, &#8220;Gece il\u00e7ede don olay\u0131 ya\u015fand\u0131. \u00c7evreden edindi\u011fim bilgiye g\u00f6re sadece Tekeliler Mahallesinde var. \u0130l\u00e7e ve \u00e7evresinde bug\u00fcn ve yar\u0131n yine don tehlikesi bulunmakta ve bu nedenle&#8230;<\/p>\n","protected":false},"author":1,"featured_media":25440,"comment_status":"open","ping_status":"open","sticky":false,"template":"","format":"standard","meta":{"_crdt_document":"","footnotes":""},"categories":[125],"tags":[],"class_list":["post-25439","post","type-post","status-publish","format-standard","has-post-thumbnail","hentry","category-ekonomi"],"_links":{"self":[{"href":"https:\/\/www.egemtv.com\/index.php?rest_route=\/wp\/v2\/posts\/25439","targetHints":{"allow":["GET"]}}],"collection":[{"href":"https:\/\/www.egemtv.com\/index.php?rest_route=\/wp\/v2\/posts"}],"about":[{"href":"https:\/\/www.egemtv.com\/index.php?rest_route=\/wp\/v2\/types\/post"}],"author":[{"embeddable":true,"href":"https:\/\/www.egemtv.com\/index.php?rest_route=\/wp\/v2\/users\/1"}],"replies":[{"embeddable":true,"href":"https:\/\/www.egemtv.com\/index.php?rest_route=%2Fwp%2Fv2%2Fcomments&post=25439"}],"version-history":[{"count":1,"href":"https:\/\/www.egemtv.com\/index.php?rest_route=\/wp\/v2\/posts\/25439\/revisions"}],"predecessor-version":[{"id":25441,"href":"https:\/\/www.egemtv.com\/index.php?rest_route=\/wp\/v2\/posts\/25439\/revisions\/25441"}],"wp:featuredmedia":[{"embeddable":true,"href":"https:\/\/www.egemtv.com\/index.php?rest_route=\/wp\/v2\/media\/25440"}],"wp:attachment":[{"href":"https:\/\/www.egemtv.com\/index.php?rest_route=%2Fwp%2Fv2%2Fmedia&parent=25439"}],"wp:term":[{"taxonomy":"category","embeddable":true,"href":"https:\/\/www.egemtv.com\/index.php?rest_route=%2Fwp%2Fv2%2Fcategories&post=25439"},{"taxonomy":"post_tag","embeddable":true,"href":"https:\/\/www.egemtv.com\/index.php?rest_route=%2Fwp%2Fv2%2Ftags&post=25439"}],"curies":[{"name":"wp","href":"https:\/\/api.w.org\/{rel}","templated":true}]}}