{"id":25436,"date":"2025-03-20T13:02:21","date_gmt":"2025-03-20T10:02:21","guid":{"rendered":"https:\/\/www.egemtv.com\/?p=25436"},"modified":"2025-03-20T13:02:27","modified_gmt":"2025-03-20T10:02:27","slug":"karsiyaka-basketbolda-hedef-yalovaspor-maci","status":"publish","type":"post","link":"https:\/\/www.egemtv.com\/?p=25436","title":{"rendered":"Kar\u015f\u0131yaka Basketbol\u2019da hedef Yalovaspor ma\u00e7\u0131"},"content":{"rendered":"<p>Kar\u015f\u0131yaka Basketbol, 23 Mart Pazar g\u00fcn\u00fc deplasmanda oynayaca\u011f\u0131 Yalovaspor ma\u00e7\u0131n\u0131 kazanarak tehlikeli b\u00f6lgeden uzakla\u015fmak istiyor.<br \/>\n<br \/>T\u00fcrkiye Sigorta Basketbol S\u00fcper Ligi\u2019nde 8 galibiyet ve 13 ma\u011flubiyetle 12. s\u0131rada bulunan Kar\u015f\u0131yaka\u2019da g\u00f6zler Yalovaspor ma\u00e7\u0131na \u00e7evrildi. Ligin son s\u0131ras\u0131nda bulunan rakibiyle 23 Mart Pazar g\u00fcn\u00fc kar\u015f\u0131 kar\u015f\u0131ya gelecek olan ye\u015fil-k\u0131rm\u0131z\u0131l\u0131lar, zorlu kar\u015f\u0131la\u015fmada hata yapmak istemiyor. \u0130zmir ekibi, kazanmas\u0131 halinde rahat bir nefes al\u0131p orta s\u0131ralara do\u011fru y\u00fckselecekken, kaybetmesi halinde ise tehlike b\u00f6lgeye do\u011fru gerileyecek.<br \/>\n<br \/>Kar\u015f\u0131yakal\u0131 y\u00f6neticilerin de kritik \u00f6neme sahip olan kar\u015f\u0131la\u015fma \u00f6ncesinde transfer yasa\u011f\u0131n\u0131 kald\u0131rarak tak\u0131ma iki yabanc\u0131 oyuncu takviyesi ger\u00e7ekle\u015ftirmeyi hedefledi\u011fi ve 27 ya\u015f\u0131ndaki oyun kurucu Mike Smith ile 35 ya\u015f\u0131ndaki uzun forvet Suleiman Braimoh ile temas halinde oldu\u011fu \u00f6\u011frenildi.<br \/>\n<br \/>\u00d6te yandan Mike Smith\u2019in d\u00fcn \u00f6\u011fle saatlerinde \u0130zmir\u2019e geldi\u011fi ifade edildi.<br \/><\/p>\n","protected":false},"excerpt":{"rendered":"<p>Kar\u015f\u0131yaka Basketbol, 23 Mart Pazar g\u00fcn\u00fc deplasmanda oynayaca\u011f\u0131 Yalovaspor ma\u00e7\u0131n\u0131 kazanarak tehlikeli b\u00f6lgeden uzakla\u015fmak istiyor. T\u00fcrkiye Sigorta Basketbol S\u00fcper Ligi\u2019nde 8 galibiyet ve 13 ma\u011flubiyetle 12. s\u0131rada bulunan Kar\u015f\u0131yaka\u2019da g\u00f6zler Yalovaspor ma\u00e7\u0131na \u00e7evrildi. Ligin son s\u0131ras\u0131nda bulunan rakibiyle 23 Mart Pazar g\u00fcn\u00fc kar\u015f\u0131 kar\u015f\u0131ya gelecek olan ye\u015fil-k\u0131rm\u0131z\u0131l\u0131lar, zorlu kar\u015f\u0131la\u015fmada hata yapmak istemiyor. \u0130zmir ekibi, kazanmas\u0131&#8230;<\/p>\n","protected":false},"author":1,"featured_media":25437,"comment_status":"open","ping_status":"open","sticky":false,"template":"","format":"standard","meta":{"_crdt_document":"","footnotes":""},"categories":[4],"tags":[],"class_list":["post-25436","post","type-post","status-publish","format-standard","has-post-thumbnail","hentry","category-spor"],"_links":{"self":[{"href":"https:\/\/www.egemtv.com\/index.php?rest_route=\/wp\/v2\/posts\/25436","targetHints":{"allow":["GET"]}}],"collection":[{"href":"https:\/\/www.egemtv.com\/index.php?rest_route=\/wp\/v2\/posts"}],"about":[{"href":"https:\/\/www.egemtv.com\/index.php?rest_route=\/wp\/v2\/types\/post"}],"author":[{"embeddable":true,"href":"https:\/\/www.egemtv.com\/index.php?rest_route=\/wp\/v2\/users\/1"}],"replies":[{"embeddable":true,"href":"https:\/\/www.egemtv.com\/index.php?rest_route=%2Fwp%2Fv2%2Fcomments&post=25436"}],"version-history":[{"count":1,"href":"https:\/\/www.egemtv.com\/index.php?rest_route=\/wp\/v2\/posts\/25436\/revisions"}],"predecessor-version":[{"id":25438,"href":"https:\/\/www.egemtv.com\/index.php?rest_route=\/wp\/v2\/posts\/25436\/revisions\/25438"}],"wp:featuredmedia":[{"embeddable":true,"href":"https:\/\/www.egemtv.com\/index.php?rest_route=\/wp\/v2\/media\/25437"}],"wp:attachment":[{"href":"https:\/\/www.egemtv.com\/index.php?rest_route=%2Fwp%2Fv2%2Fmedia&parent=25436"}],"wp:term":[{"taxonomy":"category","embeddable":true,"href":"https:\/\/www.egemtv.com\/index.php?rest_route=%2Fwp%2Fv2%2Fcategories&post=25436"},{"taxonomy":"post_tag","embeddable":true,"href":"https:\/\/www.egemtv.com\/index.php?rest_route=%2Fwp%2Fv2%2Ftags&post=25436"}],"curies":[{"name":"wp","href":"https:\/\/api.w.org\/{rel}","templated":true}]}}