{"id":25433,"date":"2025-03-20T12:43:35","date_gmt":"2025-03-20T09:43:35","guid":{"rendered":"https:\/\/www.egemtv.com\/?p=25433"},"modified":"2025-03-20T12:43:40","modified_gmt":"2025-03-20T09:43:40","slug":"hukumlulerin-urettigi-kovanlar-ureticilere-dagitildi","status":"publish","type":"post","link":"https:\/\/www.egemtv.com\/?p=25433","title":{"rendered":"H\u00fck\u00fcml\u00fclerin \u00fcretti\u011fi kovanlar \u00fcreticilere da\u011f\u0131t\u0131ld\u0131"},"content":{"rendered":"<p>Yunusemre Belediyesi, il\u00e7edeki bal \u00fcreticilerine deste\u011fini bu y\u0131l da s\u00fcrd\u00fcrerek ar\u0131c\u0131l\u0131\u011f\u0131n geli\u015fmesine katk\u0131 sa\u011flad\u0131.<br \/>\n<br \/>Tar\u0131ma ve \u00fcreticilere y\u00f6nelik desteklerini her zaman s\u00fcrd\u00fcren Yunusemre Belediyesi, Belediye Ba\u015fkan\u0131 Semih Balaban\u2019\u0131n \u00f6nc\u00fcl\u00fc\u011f\u00fcnde \u00f6nemli bir \u00e7al\u0131\u015fmaya daha imza att\u0131. Adalet Bakanl\u0131\u011f\u0131 taraf\u0131ndan y\u00fcr\u00fct\u00fclen Mesleki E\u011fitim Kurslar\u0131 kapsam\u0131nda Alanya L Tipi Kapal\u0131 ve A\u00e7\u0131k Ceza \u0130nfaz Kurumu \u0130\u015fyurdu M\u00fcd\u00fcrl\u00fc\u011f\u00fc ile yap\u0131lan protokol \u00e7er\u00e7evesinde, h\u00fck\u00fcml\u00fcler taraf\u0131ndan \u00fcretilen 300 ar\u0131 kovan\u0131, gerekli \u015fartlar\u0131 ta\u015f\u0131yan ve talepte bulunan \u00fcreticilere ula\u015ft\u0131r\u0131ld\u0131. Kovan da\u011f\u0131t\u0131m\u0131, Ya\u011fc\u0131lar Mahallesi\u2019ndeki d\u00fc\u011f\u00fcn salonunda d\u00fczenlenen t\u00f6renle ger\u00e7ekle\u015ftirildi. T\u00f6rene, Yunusemre Belediye Ba\u015fkan\u0131 Semih Balaban, Manisa Esnaf ve Sanatkarlar Odalar\u0131 Birli\u011fi Ba\u015fkan\u0131 Hasan Geriter, belediye ba\u015fkan yard\u0131mc\u0131lar\u0131, meclis \u00fcyeleri, birim m\u00fcd\u00fcrleri, mahalle muhtarlar\u0131 ve \u00e7ok say\u0131da bal \u00fcreticisi kat\u0131ld\u0131.<br \/>\n<br \/>T\u00f6rende s\u00f6z alan Belediye Ba\u015fkan\u0131 Semih Balaban, konu\u015fmas\u0131nda \u0130stanbul B\u00fcy\u00fck\u015fehir Belediye Ba\u015fkan\u0131 Ekrem \u0130mamo\u011flu\u2019nun g\u00f6zalt\u0131na al\u0131nmas\u0131na tepki g\u00f6stererek, Ekrem \u0130mamo\u011flu\u2019nun yan\u0131nda olduklar\u0131n\u0131 s\u00f6yledi. Balaban, &#8220;Cumhuriyet Halk Partisi, ilk cumhurba\u015fkanl\u0131\u011f\u0131 se\u00e7iminde muhaliflerle birlikte iktidara gelecek. Nas\u0131l hizmet oldu\u011funu bir kez daha g\u00f6receksiniz. Bu konuda da karar\u0131m\u0131z kesindir. Bizler her zaman halk\u0131n yan\u0131nda olaca\u011f\u0131z. Halk\u0131n emrinde olaca\u011f\u0131z. Hi\u00e7bir zaman g\u00fc\u00e7  zehirlenmesine u\u011framad\u0131k, u\u011framayaca\u011f\u0131z&#8221; dedi.<\/p>\n<p>150 \u00fcreticiye 300 kovan da\u011f\u0131t\u0131ld\u0131<br \/>\n<br \/>K\u0131rsal kalk\u0131nma projeleriyle \u00fcreticiyi desteklemeye devam edeceklerini anlatan Ba\u015fkan Semih Balaban, a\u00e7\u0131klamas\u0131n\u0131 \u015fu s\u00f6zlerle tamamlad\u0131: &#8220;Yunusemre Belediyesi olarak, k\u0131rsal kalk\u0131nmay\u0131 desteklemek ve ar\u0131c\u0131l\u0131\u011f\u0131 te\u015fvik etmek amac\u0131yla \u00fcreticilerimize her zaman destek olmaya devam ediyoruz. Daha \u00f6nceki y\u0131llarda oldu\u011fu gibi, bu y\u0131l da \u00fcreticilerimize ar\u0131 kovan\u0131 deste\u011fi sa\u011fl\u0131yoruz. Belediyemiz ile Adalet Bakanl\u0131\u011f\u0131 Alanya L Tipi Kapal\u0131 ve A\u00e7\u0131k Ceza \u0130nfaz Kurumu \u0130\u015fyurdu M\u00fcd\u00fcrl\u00fc\u011f\u00fc aras\u0131nda imzalanan ortak protokol \u00e7er\u00e7evesinde, h\u00fck\u00fcml\u00fcler taraf\u0131ndan \u00fcretilen 300 adet polen tuzakl\u0131 ar\u0131 kovan\u0131n\u0131 temin ettik. 2025 y\u0131l\u0131 i\u00e7in hayata ge\u00e7irilen bu proje kapsam\u0131nda, toplam 205 \u00fcretici ba\u015fvuruda bulunmu\u015f, belediyemiz tar\u0131m komisyonu taraf\u0131ndan belirlenen \u015fartlar\u0131 ta\u015f\u0131yan 150 \u00fcretici bu destekten faydalanmaya hak kazanm\u0131\u015ft\u0131r. Hak sahiplerine 2\u2019\u015fer adet olmak \u00fczere toplamda 300 adet ar\u0131 kovan\u0131 da\u011f\u0131t\u0131m\u0131 ger\u00e7ekle\u015ftirilecektir. Bu destekle il\u00e7emizde bal \u00fcretiminin art\u0131r\u0131lmas\u0131n\u0131, \u00fcreticilerimizin ekonomik olarak g\u00fc\u00e7lendirilmesini ve k\u0131rsal kalk\u0131nman\u0131n s\u00fcrd\u00fcr\u00fclebilir hale getirilmesini ama\u00e7l\u0131yoruz. Destek alan t\u00fcm \u00fcreticilerimize hay\u0131rl\u0131 ve bereketli olmas\u0131n\u0131 diliyorum.&#8221;<br \/>\n<br \/>Ar\u0131 kovan\u0131 deste\u011finden faydalanan \u00fcreticiler, Yunusemre Belediyesi\u2019ne te\u015fekk\u00fcr ederek, bu t\u00fcr desteklerin ar\u0131c\u0131l\u0131k sekt\u00f6r\u00fcn\u00fcn geli\u015fmesine b\u00fcy\u00fck katk\u0131 sa\u011flad\u0131\u011f\u0131n\u0131 belirtti. Yunusemre Belediyesi, k\u0131rsal kalk\u0131nmay\u0131 desteklemek amac\u0131yla tar\u0131m ve hayvanc\u0131l\u0131kla u\u011fra\u015fan \u00fcreticilere y\u00f6nelik projelerini s\u00fcrd\u00fcrmeye devam edecek.<br \/><\/p>\n","protected":false},"excerpt":{"rendered":"<p>Yunusemre Belediyesi, il\u00e7edeki bal \u00fcreticilerine deste\u011fini bu y\u0131l da s\u00fcrd\u00fcrerek ar\u0131c\u0131l\u0131\u011f\u0131n geli\u015fmesine katk\u0131 sa\u011flad\u0131. Tar\u0131ma ve \u00fcreticilere y\u00f6nelik desteklerini her zaman s\u00fcrd\u00fcren Yunusemre Belediyesi, Belediye Ba\u015fkan\u0131 Semih Balaban\u2019\u0131n \u00f6nc\u00fcl\u00fc\u011f\u00fcnde \u00f6nemli bir \u00e7al\u0131\u015fmaya daha imza att\u0131. Adalet Bakanl\u0131\u011f\u0131 taraf\u0131ndan y\u00fcr\u00fct\u00fclen Mesleki E\u011fitim Kurslar\u0131 kapsam\u0131nda Alanya L Tipi Kapal\u0131 ve A\u00e7\u0131k Ceza \u0130nfaz Kurumu \u0130\u015fyurdu M\u00fcd\u00fcrl\u00fc\u011f\u00fc ile&#8230;<\/p>\n","protected":false},"author":1,"featured_media":25434,"comment_status":"open","ping_status":"open","sticky":false,"template":"","format":"standard","meta":{"_crdt_document":"","footnotes":""},"categories":[125],"tags":[],"class_list":["post-25433","post","type-post","status-publish","format-standard","has-post-thumbnail","hentry","category-ekonomi"],"_links":{"self":[{"href":"https:\/\/www.egemtv.com\/index.php?rest_route=\/wp\/v2\/posts\/25433","targetHints":{"allow":["GET"]}}],"collection":[{"href":"https:\/\/www.egemtv.com\/index.php?rest_route=\/wp\/v2\/posts"}],"about":[{"href":"https:\/\/www.egemtv.com\/index.php?rest_route=\/wp\/v2\/types\/post"}],"author":[{"embeddable":true,"href":"https:\/\/www.egemtv.com\/index.php?rest_route=\/wp\/v2\/users\/1"}],"replies":[{"embeddable":true,"href":"https:\/\/www.egemtv.com\/index.php?rest_route=%2Fwp%2Fv2%2Fcomments&post=25433"}],"version-history":[{"count":1,"href":"https:\/\/www.egemtv.com\/index.php?rest_route=\/wp\/v2\/posts\/25433\/revisions"}],"predecessor-version":[{"id":25435,"href":"https:\/\/www.egemtv.com\/index.php?rest_route=\/wp\/v2\/posts\/25433\/revisions\/25435"}],"wp:featuredmedia":[{"embeddable":true,"href":"https:\/\/www.egemtv.com\/index.php?rest_route=\/wp\/v2\/media\/25434"}],"wp:attachment":[{"href":"https:\/\/www.egemtv.com\/index.php?rest_route=%2Fwp%2Fv2%2Fmedia&parent=25433"}],"wp:term":[{"taxonomy":"category","embeddable":true,"href":"https:\/\/www.egemtv.com\/index.php?rest_route=%2Fwp%2Fv2%2Fcategories&post=25433"},{"taxonomy":"post_tag","embeddable":true,"href":"https:\/\/www.egemtv.com\/index.php?rest_route=%2Fwp%2Fv2%2Ftags&post=25433"}],"curies":[{"name":"wp","href":"https:\/\/api.w.org\/{rel}","templated":true}]}}