{"id":25430,"date":"2025-03-20T12:43:30","date_gmt":"2025-03-20T09:43:30","guid":{"rendered":"https:\/\/www.egemtv.com\/?p=25430"},"modified":"2025-03-20T12:43:35","modified_gmt":"2025-03-20T09:43:35","slug":"hapis-cezasiyla-aranan-sahsi-jasat-yakaladi","status":"publish","type":"post","link":"https:\/\/www.egemtv.com\/?p=25430","title":{"rendered":"Hapis cezas\u0131yla aranan \u015fahs\u0131 JASAT yakalad\u0131"},"content":{"rendered":"<p>Afyonkarahisar\u2019da 12 y\u0131l 11 ay 15 g\u00fcn hapis cezas\u0131yla aranan \u015fah\u0131s Jandarma Su\u00e7 Ara\u015ft\u0131rma Dedektifleri (JASAT) taraf\u0131ndan yakaland\u0131.<br \/>\n<br \/>Afyonkarahisar \u0130l Jandarma Komutanl\u0131\u011f\u0131 ekipleri taraf\u0131ndan aranan \u015fah\u0131slar\u0131n yakalanmas\u0131na y\u00f6nelik \u00e7al\u0131\u015fma yap\u0131ld\u0131. Yap\u0131lan incelemelerde H.B. isimli \u015fahs\u0131n g\u00fcveni k\u00f6t\u00fcye kullanma su\u00e7undan 12 y\u0131l 11 ay 15 g\u00fcn hapis cezas\u0131yla arand\u0131\u011f\u0131 tespit edildi. Ard\u0131ndan \u015fahs\u0131n pe\u015fine d\u00fc\u015fen JASAT ekipleri \u015f\u00fcpheliyi kent merkezinde yakalayarak g\u00f6zalt\u0131na ald\u0131. \u015eah\u0131s i\u015flemleri sonras\u0131 sevk edildi\u011fi mahkeme taraf\u0131ndan tutuklanarak cezaevine g\u00f6nderildi.<br \/><\/p>\n","protected":false},"excerpt":{"rendered":"<p>Afyonkarahisar\u2019da 12 y\u0131l 11 ay 15 g\u00fcn hapis cezas\u0131yla aranan \u015fah\u0131s Jandarma Su\u00e7 Ara\u015ft\u0131rma Dedektifleri (JASAT) taraf\u0131ndan yakaland\u0131. Afyonkarahisar \u0130l Jandarma Komutanl\u0131\u011f\u0131 ekipleri taraf\u0131ndan aranan \u015fah\u0131slar\u0131n yakalanmas\u0131na y\u00f6nelik \u00e7al\u0131\u015fma yap\u0131ld\u0131. Yap\u0131lan incelemelerde H.B. isimli \u015fahs\u0131n g\u00fcveni k\u00f6t\u00fcye kullanma su\u00e7undan 12 y\u0131l 11 ay 15 g\u00fcn hapis cezas\u0131yla arand\u0131\u011f\u0131 tespit edildi. Ard\u0131ndan \u015fahs\u0131n pe\u015fine d\u00fc\u015fen JASAT&#8230;<\/p>\n","protected":false},"author":1,"featured_media":25431,"comment_status":"open","ping_status":"open","sticky":false,"template":"","format":"standard","meta":{"_crdt_document":"","footnotes":""},"categories":[5],"tags":[],"class_list":["post-25430","post","type-post","status-publish","format-standard","has-post-thumbnail","hentry","category-asayis"],"_links":{"self":[{"href":"https:\/\/www.egemtv.com\/index.php?rest_route=\/wp\/v2\/posts\/25430","targetHints":{"allow":["GET"]}}],"collection":[{"href":"https:\/\/www.egemtv.com\/index.php?rest_route=\/wp\/v2\/posts"}],"about":[{"href":"https:\/\/www.egemtv.com\/index.php?rest_route=\/wp\/v2\/types\/post"}],"author":[{"embeddable":true,"href":"https:\/\/www.egemtv.com\/index.php?rest_route=\/wp\/v2\/users\/1"}],"replies":[{"embeddable":true,"href":"https:\/\/www.egemtv.com\/index.php?rest_route=%2Fwp%2Fv2%2Fcomments&post=25430"}],"version-history":[{"count":1,"href":"https:\/\/www.egemtv.com\/index.php?rest_route=\/wp\/v2\/posts\/25430\/revisions"}],"predecessor-version":[{"id":25432,"href":"https:\/\/www.egemtv.com\/index.php?rest_route=\/wp\/v2\/posts\/25430\/revisions\/25432"}],"wp:featuredmedia":[{"embeddable":true,"href":"https:\/\/www.egemtv.com\/index.php?rest_route=\/wp\/v2\/media\/25431"}],"wp:attachment":[{"href":"https:\/\/www.egemtv.com\/index.php?rest_route=%2Fwp%2Fv2%2Fmedia&parent=25430"}],"wp:term":[{"taxonomy":"category","embeddable":true,"href":"https:\/\/www.egemtv.com\/index.php?rest_route=%2Fwp%2Fv2%2Fcategories&post=25430"},{"taxonomy":"post_tag","embeddable":true,"href":"https:\/\/www.egemtv.com\/index.php?rest_route=%2Fwp%2Fv2%2Ftags&post=25430"}],"curies":[{"name":"wp","href":"https:\/\/api.w.org\/{rel}","templated":true}]}}