{"id":25427,"date":"2025-03-20T12:24:22","date_gmt":"2025-03-20T09:24:22","guid":{"rendered":"https:\/\/www.egemtv.com\/?p=25427"},"modified":"2025-03-20T12:24:30","modified_gmt":"2025-03-20T09:24:30","slug":"denizli-buyuksehir-belediyesinden-sifir-atik-temali-resim-yarismasi","status":"publish","type":"post","link":"https:\/\/www.egemtv.com\/?p=25427","title":{"rendered":"Denizli B\u00fcy\u00fck\u015fehir Belediyesinden \u2019S\u0131f\u0131r At\u0131k\u2019 temal\u0131 resim yar\u0131\u015fmas\u0131"},"content":{"rendered":"<p>Denizli B\u00fcy\u00fck\u015fehir Belediyesi, 30 Mart Uluslararas\u0131 S\u0131f\u0131r At\u0131k G\u00fcn\u00fc etkinlikleri kapsam\u0131nda \u00f6\u011frencilerin s\u0131f\u0131r at\u0131k konusunda fark\u0131ndal\u0131\u011f\u0131n\u0131 artt\u0131rmak amac\u0131yla &#8220;S\u0131f\u0131r At\u0131k, Sonsuz Sanat&#8221; slogan\u0131yla s\u0131f\u0131r at\u0131k temal\u0131 bir resim yar\u0131\u015fmas\u0131 d\u00fczenliyor.<\/p>\n<p>Denizli B\u00fcy\u00fck\u015fehir Belediyesi \u0130klim De\u011fi\u015fikli\u011fi ve S\u0131f\u0131r At\u0131k Dairesi Ba\u015fkanl\u0131\u011f\u0131 taraf\u0131ndan organize edilen yar\u0131\u015fma, 5. ve 6. s\u0131n\u0131flar ile 7. ve 8. s\u0131n\u0131flar olmak \u00fczere iki kategoride ger\u00e7ekle\u015fecek. Yar\u0131\u015fma 26 Mart 2025 tarihine kadar devam edecek. Kat\u0131lmak isteyen \u00f6\u011frenciler eserlerini kendi okul m\u00fcd\u00fcrl\u00fcklerine teslim edecek. Okullar, gelen eserleri de\u011ferlendirerek her kategoriden birer tane se\u00e7ip Denizli B\u00fcy\u00fck\u015fehir Belediyesi \u0130klim De\u011fi\u015fikli\u011fi ve S\u0131f\u0131r At\u0131k Dairesi Ba\u015fkanl\u0131\u011f\u0131na ula\u015ft\u0131racak.<\/p>\n<p>Sonu\u00e7lar 28 Mart\u2019ta a\u00e7\u0131klanacak<br \/>\n<br \/>Yar\u0131\u015fman\u0131n kazananlar\u0131, 28 Mart 2025 Cuma g\u00fcn\u00fc Denizli B\u00fcy\u00fck\u015fehir Belediyesi\u2019nin web sitesinden duyurulacak. \u00d6d\u00fcller ise 8 Nisan 2025 Sal\u0131 g\u00fcn\u00fc d\u00fczenlenecek &#8220;Uluslararas\u0131 S\u0131f\u0131r At\u0131k G\u00fcn\u00fc&#8221; etkinliklerinde takdim edilecek. Denizli B\u00fcy\u00fck\u015fehir Belediyesi, bu anlaml\u0131 organizasyonla hem \u00e7evre bilincini a\u015f\u0131lamay\u0131, hem de \u00f6\u011frencileri sanata te\u015fvik etmeyi ama\u00e7l\u0131yor.<\/p>\n<p>\u00d6d\u00fcller g\u00f6z dolduruyor<br \/>\n<br \/>Yar\u0131\u015fma sonunda her iki kategoride dereceye giren \u00f6\u011frencilere \u00f6d\u00fcller verilecek.  Yar\u0131\u015fman\u0131n birincilerine tablet, ikincilerine bisiklet ve \u00fc\u00e7\u00fcnc\u00fcl\u00fc\u011f\u00fc hak edenlere profesyonel resim seti hediye edilecek. Yar\u0131\u015fmada J\u00fcri \u00d6zel \u00d6d\u00fcl\u00fc ile Teselli \u00f6d\u00fcl\u00fc alanlara ise resim seti verilecek.<br \/><\/p>\n","protected":false},"excerpt":{"rendered":"<p>Denizli B\u00fcy\u00fck\u015fehir Belediyesi, 30 Mart Uluslararas\u0131 S\u0131f\u0131r At\u0131k G\u00fcn\u00fc etkinlikleri kapsam\u0131nda \u00f6\u011frencilerin s\u0131f\u0131r at\u0131k konusunda fark\u0131ndal\u0131\u011f\u0131n\u0131 artt\u0131rmak amac\u0131yla &#8220;S\u0131f\u0131r At\u0131k, Sonsuz Sanat&#8221; slogan\u0131yla s\u0131f\u0131r at\u0131k temal\u0131 bir resim yar\u0131\u015fmas\u0131 d\u00fczenliyor. Denizli B\u00fcy\u00fck\u015fehir Belediyesi \u0130klim De\u011fi\u015fikli\u011fi ve S\u0131f\u0131r At\u0131k Dairesi Ba\u015fkanl\u0131\u011f\u0131 taraf\u0131ndan organize edilen yar\u0131\u015fma, 5. ve 6. s\u0131n\u0131flar ile 7. ve 8. s\u0131n\u0131flar olmak \u00fczere&#8230;<\/p>\n","protected":false},"author":1,"featured_media":25428,"comment_status":"open","ping_status":"open","sticky":false,"template":"","format":"standard","meta":{"_crdt_document":"","footnotes":""},"categories":[1],"tags":[],"class_list":["post-25427","post","type-post","status-publish","format-standard","has-post-thumbnail","hentry","category-guncel"],"_links":{"self":[{"href":"https:\/\/www.egemtv.com\/index.php?rest_route=\/wp\/v2\/posts\/25427","targetHints":{"allow":["GET"]}}],"collection":[{"href":"https:\/\/www.egemtv.com\/index.php?rest_route=\/wp\/v2\/posts"}],"about":[{"href":"https:\/\/www.egemtv.com\/index.php?rest_route=\/wp\/v2\/types\/post"}],"author":[{"embeddable":true,"href":"https:\/\/www.egemtv.com\/index.php?rest_route=\/wp\/v2\/users\/1"}],"replies":[{"embeddable":true,"href":"https:\/\/www.egemtv.com\/index.php?rest_route=%2Fwp%2Fv2%2Fcomments&post=25427"}],"version-history":[{"count":1,"href":"https:\/\/www.egemtv.com\/index.php?rest_route=\/wp\/v2\/posts\/25427\/revisions"}],"predecessor-version":[{"id":25429,"href":"https:\/\/www.egemtv.com\/index.php?rest_route=\/wp\/v2\/posts\/25427\/revisions\/25429"}],"wp:featuredmedia":[{"embeddable":true,"href":"https:\/\/www.egemtv.com\/index.php?rest_route=\/wp\/v2\/media\/25428"}],"wp:attachment":[{"href":"https:\/\/www.egemtv.com\/index.php?rest_route=%2Fwp%2Fv2%2Fmedia&parent=25427"}],"wp:term":[{"taxonomy":"category","embeddable":true,"href":"https:\/\/www.egemtv.com\/index.php?rest_route=%2Fwp%2Fv2%2Fcategories&post=25427"},{"taxonomy":"post_tag","embeddable":true,"href":"https:\/\/www.egemtv.com\/index.php?rest_route=%2Fwp%2Fv2%2Ftags&post=25427"}],"curies":[{"name":"wp","href":"https:\/\/api.w.org\/{rel}","templated":true}]}}