{"id":25418,"date":"2025-03-20T12:04:32","date_gmt":"2025-03-20T09:04:32","guid":{"rendered":"https:\/\/www.egemtv.com\/?p=25418"},"modified":"2025-03-20T12:04:36","modified_gmt":"2025-03-20T09:04:36","slug":"denizli-osb-her-aksam-3-bin-ogrenciyi-geleneksel-iftar-sofrasinda-bulusturuyor","status":"publish","type":"post","link":"https:\/\/www.egemtv.com\/?p=25418","title":{"rendered":"Denizli OSB her ak\u015fam 3 bin \u00f6\u011frenciyi geleneksel iftar sofras\u0131nda bulu\u015fturuyor"},"content":{"rendered":"<p>Denizli Organize Sanayi B\u00f6lgesi (OSB) M\u00fcd\u00fcrl\u00fc\u011f\u00fc, Pamukkale \u00dcniversitesinde e\u011fitim g\u00f6ren \u00f6\u011frencilere y\u00f6nelik 3 bin ki\u015filik geleneksel iftar program\u0131nda bulu\u015fturmaya devam ediyor.<\/p>\n<p>Denizli Organize Sanayi B\u00f6lgesi M\u00fcd\u00fcrl\u00fc\u011f\u00fcn\u00fcn her y\u0131l Ramazan ay\u0131nda geleneksel olarak d\u00fczenledi\u011fi iftar yeme\u011fi, bu y\u0131l da b\u00fcy\u00fck bir kat\u0131l\u0131mla devam ediyor. Birlik ve beraberlik ruhunun \u00f6n planda tutuldu\u011fu organizasyona, \u00f6zellikle Pamukkale \u00dcniversitesi \u00f6\u011frencileri yo\u011fun ilgi g\u00f6steriyor. Ramazan ay\u0131 boyunca devam edecek olan bu iftar program\u0131, b\u00f6lgedeki dayan\u0131\u015fma ruhunu peki\u015ftiren \u00f6nemli bir etkinlik haline geldi. Sanayiciler, \u00f6\u011frenciler ve yerel halk\u0131n kat\u0131l\u0131m\u0131yla her g\u00fcn ger\u00e7ekle\u015fen iftar yeme\u011fi, sadece oru\u00e7 a\u00e7makla kalmay\u0131p, ayn\u0131 zamanda sosyal ba\u011flar\u0131 g\u00fc\u00e7lendiren ve insanlar\u0131n bir araya gelmesini sa\u011flayan \u00f6nemli bir f\u0131rsat sunuyor. Ayr\u0131ca, organizasyonun her y\u0131l artan kat\u0131l\u0131m\u0131, toplumsal dayan\u0131\u015fman\u0131n ve yard\u0131mla\u015fman\u0131n ne kadar de\u011ferli oldu\u011funu bir kez daha g\u00f6zler \u00f6n\u00fcne seriyor.<\/p>\n<p>&#8220;Ramazan ay\u0131 boyunca burada her g\u00fcn d\u00fczenlenmesi bizim i\u00e7in ayr\u0131cal\u0131k&#8221;<br \/>\n<br \/>Lise \u00f6\u011frenci oldu\u011funu belirten ve ders \u00e7al\u0131\u015fmak i\u00e7in arkada\u015flarla k\u00fct\u00fcphaneye geldi\u011finde her ak\u015fam ise OSB\u2019nin d\u00fczenledi\u011fi iftar yeme\u011fini kat\u0131ld\u0131\u011f\u0131n\u0131 dile getiren Ay\u015fenaz \u00c7ak\u0131r, &#8220;Lise \u00f6\u011frencisiyim ve ak\u015famlar\u0131 ders \u00e7al\u0131\u015fmak i\u00e7in buradaki k\u00fct\u00fcphaneye geliyorum. Ak\u015famlar\u0131 arkada\u015flarla beraber ders \u00e7al\u0131\u015fmaya geldi\u011fimizde burada iftar yeme\u011fi oluyor. Ramazan ay\u0131 boyunca burada her g\u00fcn olmas\u0131 bizim i\u00e7in ayr\u0131cal\u0131k. Hem ayn\u0131 zamanda d\u00fczenlenen iftar yemekleri i\u00e7in Organize Sanayi B\u00f6lge M\u00fcd\u00fcrl\u00fc\u011f\u00fc\u2019ne \u00e7ok te\u015fekk\u00fcr ederiz. Hem iftar yeme\u011fi olarak hem de sosyalle\u015fme olarak \u00e7ok g\u00fczel bir organizasyon&#8221; dedi.<\/p>\n<p>D\u00fczenlenen iftar yemeklerinde yo\u011fun kat\u0131l\u0131m\u0131n oldu\u011funu dile getiren Selim Emre Sar\u0131ca ise &#8220;Denizli Organize Sanayi B\u00f6lge M\u00fcd\u00fcrl\u00fc\u011f\u00fcn\u00fcn vesilesiyle burada her ak\u015fam 3 bin ki\u015filik yemek \u00e7\u0131k\u0131yor ve iftarda vatanda\u015flar\u0131m\u0131z burada bulu\u015fuyor. Burada ayn\u0131 zamanda \u00fcniversite \u00f6\u011frencileri sosyalle\u015fiyorlar ve karn\u0131n\u0131 doyuruyorlar. Bu imkan\u0131 sa\u011flayan i\u015f insanlar\u0131m\u0131z\u0131 da \u00e7ok te\u015fekk\u00fcr ederiz. Yap\u0131lan organizasyonla birlikte burada \u00fcniversite \u00f6\u011frencilerine yemek konusunda destek oluyorlar. \u0130ftar yemeklerimiz Ramazan ay\u0131 boyunca devam edecek. Burada eme\u011fi ge\u00e7en b\u00fct\u00fcn herkese \u00e7ok te\u015fekk\u00fcr ederiz ve bu imkan\u0131 sa\u011flayan Denizli Organize Sanayi B\u00f6lgesi M\u00fcd\u00fcrl\u00fc\u011f\u00fcne \u00e7ok te\u015fekk\u00fcr ederiz&#8221; diye konu\u015ftu.<br \/><\/p>\n","protected":false},"excerpt":{"rendered":"<p>Denizli Organize Sanayi B\u00f6lgesi (OSB) M\u00fcd\u00fcrl\u00fc\u011f\u00fc, Pamukkale \u00dcniversitesinde e\u011fitim g\u00f6ren \u00f6\u011frencilere y\u00f6nelik 3 bin ki\u015filik geleneksel iftar program\u0131nda bulu\u015fturmaya devam ediyor. Denizli Organize Sanayi B\u00f6lgesi M\u00fcd\u00fcrl\u00fc\u011f\u00fcn\u00fcn her y\u0131l Ramazan ay\u0131nda geleneksel olarak d\u00fczenledi\u011fi iftar yeme\u011fi, bu y\u0131l da b\u00fcy\u00fck bir kat\u0131l\u0131mla devam ediyor. Birlik ve beraberlik ruhunun \u00f6n planda tutuldu\u011fu organizasyona, \u00f6zellikle Pamukkale \u00dcniversitesi \u00f6\u011frencileri&#8230;<\/p>\n","protected":false},"author":1,"featured_media":25419,"comment_status":"open","ping_status":"open","sticky":false,"template":"","format":"standard","meta":{"_crdt_document":"","footnotes":""},"categories":[1],"tags":[],"class_list":["post-25418","post","type-post","status-publish","format-standard","has-post-thumbnail","hentry","category-guncel"],"_links":{"self":[{"href":"https:\/\/www.egemtv.com\/index.php?rest_route=\/wp\/v2\/posts\/25418","targetHints":{"allow":["GET"]}}],"collection":[{"href":"https:\/\/www.egemtv.com\/index.php?rest_route=\/wp\/v2\/posts"}],"about":[{"href":"https:\/\/www.egemtv.com\/index.php?rest_route=\/wp\/v2\/types\/post"}],"author":[{"embeddable":true,"href":"https:\/\/www.egemtv.com\/index.php?rest_route=\/wp\/v2\/users\/1"}],"replies":[{"embeddable":true,"href":"https:\/\/www.egemtv.com\/index.php?rest_route=%2Fwp%2Fv2%2Fcomments&post=25418"}],"version-history":[{"count":1,"href":"https:\/\/www.egemtv.com\/index.php?rest_route=\/wp\/v2\/posts\/25418\/revisions"}],"predecessor-version":[{"id":25420,"href":"https:\/\/www.egemtv.com\/index.php?rest_route=\/wp\/v2\/posts\/25418\/revisions\/25420"}],"wp:featuredmedia":[{"embeddable":true,"href":"https:\/\/www.egemtv.com\/index.php?rest_route=\/wp\/v2\/media\/25419"}],"wp:attachment":[{"href":"https:\/\/www.egemtv.com\/index.php?rest_route=%2Fwp%2Fv2%2Fmedia&parent=25418"}],"wp:term":[{"taxonomy":"category","embeddable":true,"href":"https:\/\/www.egemtv.com\/index.php?rest_route=%2Fwp%2Fv2%2Fcategories&post=25418"},{"taxonomy":"post_tag","embeddable":true,"href":"https:\/\/www.egemtv.com\/index.php?rest_route=%2Fwp%2Fv2%2Ftags&post=25418"}],"curies":[{"name":"wp","href":"https:\/\/api.w.org\/{rel}","templated":true}]}}