{"id":25415,"date":"2025-03-20T12:04:28","date_gmt":"2025-03-20T09:04:28","guid":{"rendered":"https:\/\/www.egemtv.com\/?p=25415"},"modified":"2025-03-20T12:04:32","modified_gmt":"2025-03-20T09:04:32","slug":"kutahyada-sahipsiz-hayvanlar-icin-yeni-barinak-projesi","status":"publish","type":"post","link":"https:\/\/www.egemtv.com\/?p=25415","title":{"rendered":"K\u00fctahya\u2019da sahipsiz hayvanlar i\u00e7in yeni bar\u0131nak projesi"},"content":{"rendered":"<p>K\u00fctahya Sahipsiz Hayvanlar\u0131 Koruma Birli\u011fi, Vali Musa I\u015f\u0131n ba\u015fkanl\u0131\u011f\u0131nda Valilik Toplant\u0131 Salonu\u2019nda bir araya geldi. Toplant\u0131da, sahipsiz hayvanlar\u0131n ya\u015fam \u015fartlar\u0131n\u0131 iyile\u015ftirmek amac\u0131yla planlanan do\u011fal ya\u015fam alan\u0131 projesi ele al\u0131nd\u0131.<br \/>\n<br \/>Vali Musa I\u015f\u0131n, proje kapsam\u0131nda sokak hayvanlar\u0131n\u0131n g\u00fcvenli, sa\u011fl\u0131kl\u0131 ve do\u011fal bir ortamda ya\u015famalar\u0131n\u0131 sa\u011flamay\u0131 hedeflediklerini belirtti. Hayvan haklar\u0131 a\u00e7\u0131s\u0131ndan \u00f6nemli bir ad\u0131m olarak g\u00f6r\u00fclen proje kapsam\u0131nda, sahipsiz hayvanlar\u0131n refah\u0131n\u0131 art\u0131rmaya y\u00f6nelik \u00e7al\u0131\u015fmalar\u0131n kararl\u0131l\u0131kla s\u00fcrd\u00fcr\u00fclece\u011fi ifade edildi. Toplant\u0131da, mevcut bar\u0131nak kapasitesinin yetersiz oldu\u011fu dile getirilerek, K\u00fctahya\u2019da merkez ve il\u00e7elerde 90 d\u00f6n\u00fcml\u00fck yeni bar\u0131nak alanlar\u0131 olu\u015fturulaca\u011f\u0131 a\u00e7\u0131kland\u0131.<br \/>\n<br \/>K\u00fctahya\u2019da yakla\u015f\u0131k 9 bin, Tav\u015fanl\u0131 ve Domani\u00e7\u2019te 4 bin 500 sahipsiz k\u00f6pek bulundu\u011fu belirtilirken, yeni bar\u0131naklar\u0131n hayvanlar\u0131n bak\u0131m\u0131n\u0131 daha sistemli hale getirece\u011fi vurguland\u0131.<br \/>\n<br \/>Hayvanlar\u0131n beslenme ihtiyac\u0131n\u0131 kar\u015f\u0131lamak amac\u0131yla belediyeler, fabrika ve lokantalarla i\u015f birli\u011fi yaparak art\u0131k g\u0131da toplama sistemini daha etkin hale getirecek.<br \/>\n<br \/>Vali Musa I\u015f\u0131n, t\u00fcm yerel y\u00f6netimlerin ve ilgili kurumlar\u0131n projeye tam destek vermesi gerekti\u011fini vurgulad\u0131. Belediye ba\u015fkanlar\u0131 ve kaymakamlarla i\u015f birli\u011fi i\u00e7inde \u00e7al\u0131\u015f\u0131larak s\u00fcrecin yak\u0131ndan takip edilece\u011fi ifade edildi.<br \/><\/p>\n","protected":false},"excerpt":{"rendered":"<p>K\u00fctahya Sahipsiz Hayvanlar\u0131 Koruma Birli\u011fi, Vali Musa I\u015f\u0131n ba\u015fkanl\u0131\u011f\u0131nda Valilik Toplant\u0131 Salonu\u2019nda bir araya geldi. Toplant\u0131da, sahipsiz hayvanlar\u0131n ya\u015fam \u015fartlar\u0131n\u0131 iyile\u015ftirmek amac\u0131yla planlanan do\u011fal ya\u015fam alan\u0131 projesi ele al\u0131nd\u0131. Vali Musa I\u015f\u0131n, proje kapsam\u0131nda sokak hayvanlar\u0131n\u0131n g\u00fcvenli, sa\u011fl\u0131kl\u0131 ve do\u011fal bir ortamda ya\u015famalar\u0131n\u0131 sa\u011flamay\u0131 hedeflediklerini belirtti. Hayvan haklar\u0131 a\u00e7\u0131s\u0131ndan \u00f6nemli bir ad\u0131m olarak g\u00f6r\u00fclen proje&#8230;<\/p>\n","protected":false},"author":1,"featured_media":25416,"comment_status":"open","ping_status":"open","sticky":false,"template":"","format":"standard","meta":{"_crdt_document":"","footnotes":""},"categories":[1],"tags":[],"class_list":["post-25415","post","type-post","status-publish","format-standard","has-post-thumbnail","hentry","category-guncel"],"_links":{"self":[{"href":"https:\/\/www.egemtv.com\/index.php?rest_route=\/wp\/v2\/posts\/25415","targetHints":{"allow":["GET"]}}],"collection":[{"href":"https:\/\/www.egemtv.com\/index.php?rest_route=\/wp\/v2\/posts"}],"about":[{"href":"https:\/\/www.egemtv.com\/index.php?rest_route=\/wp\/v2\/types\/post"}],"author":[{"embeddable":true,"href":"https:\/\/www.egemtv.com\/index.php?rest_route=\/wp\/v2\/users\/1"}],"replies":[{"embeddable":true,"href":"https:\/\/www.egemtv.com\/index.php?rest_route=%2Fwp%2Fv2%2Fcomments&post=25415"}],"version-history":[{"count":1,"href":"https:\/\/www.egemtv.com\/index.php?rest_route=\/wp\/v2\/posts\/25415\/revisions"}],"predecessor-version":[{"id":25417,"href":"https:\/\/www.egemtv.com\/index.php?rest_route=\/wp\/v2\/posts\/25415\/revisions\/25417"}],"wp:featuredmedia":[{"embeddable":true,"href":"https:\/\/www.egemtv.com\/index.php?rest_route=\/wp\/v2\/media\/25416"}],"wp:attachment":[{"href":"https:\/\/www.egemtv.com\/index.php?rest_route=%2Fwp%2Fv2%2Fmedia&parent=25415"}],"wp:term":[{"taxonomy":"category","embeddable":true,"href":"https:\/\/www.egemtv.com\/index.php?rest_route=%2Fwp%2Fv2%2Fcategories&post=25415"},{"taxonomy":"post_tag","embeddable":true,"href":"https:\/\/www.egemtv.com\/index.php?rest_route=%2Fwp%2Fv2%2Ftags&post=25415"}],"curies":[{"name":"wp","href":"https:\/\/api.w.org\/{rel}","templated":true}]}}