{"id":25412,"date":"2025-03-20T12:04:23","date_gmt":"2025-03-20T09:04:23","guid":{"rendered":"https:\/\/www.egemtv.com\/?p=25412"},"modified":"2025-03-20T12:04:28","modified_gmt":"2025-03-20T09:04:28","slug":"kutahyali-ozel-sporculardan-turkiye-dereceleri","status":"publish","type":"post","link":"https:\/\/www.egemtv.com\/?p=25412","title":{"rendered":"K\u00fctahyal\u0131 \u00f6zel sporculardan T\u00fcrkiye dereceleri"},"content":{"rendered":"<p>Mersin\u2019de d\u00fczenlenen 2024-2025 Okul Sporlar\u0131 \u00d6zel Sporcular Masa Tenisi Y\u0131ld\u0131z K\u0131zlar T\u00fcrkiye Birincili\u011fi m\u00fcsabakalar\u0131nda K\u00fctahya \u00c7inikent \u00d6zel E\u011fitim Okulu \u00f6\u011frencileri b\u00fcy\u00fck bir ba\u015far\u0131ya imza att\u0131.<br \/>\n<br \/>Turnuvada Sevinnur K\u00fc\u00e7\u00fcktekinden T\u00fcrkiye birincisi, Ayb\u00fcke Buhan T\u00fcrkiye ikincisi olurken, Mert Kurt ise Y\u0131ld\u0131z Erkekler kategorisinde T\u00fcrkiye \u00fc\u00e7\u00fcnc\u00fcs\u00fc oldu.<br \/>\n<br \/>Ba\u015far\u0131lar\u0131yla K\u00fctahya\u2019y\u0131 gururland\u0131ran sporcular, \u0130l Mill\u00ee E\u011fitim M\u00fcd\u00fcr\u00fc Mustafa Y\u0131lmaz\u2019\u0131 makam\u0131nda ziyaret etti. Ziyarette \u015eube M\u00fcd\u00fcr\u00fc Orhan \u015eaybak, \u00c7inikent \u00d6zel E\u011fitim Okulu M\u00fcd\u00fcr\u00fc Mustafa \u00c7olak ve \u00f6\u011frencilerin \u00f6\u011fretmenleri de haz\u0131r bulundu.<br \/>\n<br \/>\u00d6\u011frencileri tebrik eden \u0130l Mill\u00ee E\u011fitim M\u00fcd\u00fcr\u00fc Mustafa Y\u0131lmaz, onlar\u0131n bu \u00f6nemli derecelerinden duydu\u011fu memnuniyeti dile getirerek sporun \u00f6zel bireylerin geli\u015fimindeki rol\u00fcne vurgu yapt\u0131. Y\u0131lmaz, \u00f6\u011frencilerin azim ve kararl\u0131l\u0131klar\u0131n\u0131n t\u00fcm gen\u00e7lere \u00f6rnek olmas\u0131n\u0131 temenni etti.<br \/><\/p>\n","protected":false},"excerpt":{"rendered":"<p>Mersin\u2019de d\u00fczenlenen 2024-2025 Okul Sporlar\u0131 \u00d6zel Sporcular Masa Tenisi Y\u0131ld\u0131z K\u0131zlar T\u00fcrkiye Birincili\u011fi m\u00fcsabakalar\u0131nda K\u00fctahya \u00c7inikent \u00d6zel E\u011fitim Okulu \u00f6\u011frencileri b\u00fcy\u00fck bir ba\u015far\u0131ya imza att\u0131. Turnuvada Sevinnur K\u00fc\u00e7\u00fcktekinden T\u00fcrkiye birincisi, Ayb\u00fcke Buhan T\u00fcrkiye ikincisi olurken, Mert Kurt ise Y\u0131ld\u0131z Erkekler kategorisinde T\u00fcrkiye \u00fc\u00e7\u00fcnc\u00fcs\u00fc oldu. Ba\u015far\u0131lar\u0131yla K\u00fctahya\u2019y\u0131 gururland\u0131ran sporcular, \u0130l Mill\u00ee E\u011fitim M\u00fcd\u00fcr\u00fc Mustafa Y\u0131lmaz\u2019\u0131 makam\u0131nda&#8230;<\/p>\n","protected":false},"author":1,"featured_media":25413,"comment_status":"open","ping_status":"open","sticky":false,"template":"","format":"standard","meta":{"_crdt_document":"","footnotes":""},"categories":[4],"tags":[],"class_list":["post-25412","post","type-post","status-publish","format-standard","has-post-thumbnail","hentry","category-spor"],"_links":{"self":[{"href":"https:\/\/www.egemtv.com\/index.php?rest_route=\/wp\/v2\/posts\/25412","targetHints":{"allow":["GET"]}}],"collection":[{"href":"https:\/\/www.egemtv.com\/index.php?rest_route=\/wp\/v2\/posts"}],"about":[{"href":"https:\/\/www.egemtv.com\/index.php?rest_route=\/wp\/v2\/types\/post"}],"author":[{"embeddable":true,"href":"https:\/\/www.egemtv.com\/index.php?rest_route=\/wp\/v2\/users\/1"}],"replies":[{"embeddable":true,"href":"https:\/\/www.egemtv.com\/index.php?rest_route=%2Fwp%2Fv2%2Fcomments&post=25412"}],"version-history":[{"count":1,"href":"https:\/\/www.egemtv.com\/index.php?rest_route=\/wp\/v2\/posts\/25412\/revisions"}],"predecessor-version":[{"id":25414,"href":"https:\/\/www.egemtv.com\/index.php?rest_route=\/wp\/v2\/posts\/25412\/revisions\/25414"}],"wp:featuredmedia":[{"embeddable":true,"href":"https:\/\/www.egemtv.com\/index.php?rest_route=\/wp\/v2\/media\/25413"}],"wp:attachment":[{"href":"https:\/\/www.egemtv.com\/index.php?rest_route=%2Fwp%2Fv2%2Fmedia&parent=25412"}],"wp:term":[{"taxonomy":"category","embeddable":true,"href":"https:\/\/www.egemtv.com\/index.php?rest_route=%2Fwp%2Fv2%2Fcategories&post=25412"},{"taxonomy":"post_tag","embeddable":true,"href":"https:\/\/www.egemtv.com\/index.php?rest_route=%2Fwp%2Fv2%2Ftags&post=25412"}],"curies":[{"name":"wp","href":"https:\/\/api.w.org\/{rel}","templated":true}]}}