{"id":25409,"date":"2025-03-20T12:04:19","date_gmt":"2025-03-20T09:04:19","guid":{"rendered":"https:\/\/www.egemtv.com\/?p=25409"},"modified":"2025-03-20T12:04:23","modified_gmt":"2025-03-20T09:04:23","slug":"altintasta-zafer-ilkokulunda-agro-kutuphanesi-olusturuldu","status":"publish","type":"post","link":"https:\/\/www.egemtv.com\/?p=25409","title":{"rendered":"Alt\u0131nta\u015f\u2019ta Zafer \u0130lkokulunda &#8220;AGRO K\u00fct\u00fcphanesi&#8221; olu\u015fturuldu"},"content":{"rendered":"<p>Alt\u0131nta\u015f il\u00e7esi Zafer \u0130lkokulunda \u00f6\u011frencilere \u00e7evre, do\u011fa ve s\u00fcrd\u00fcr\u00fclebilirlik konular\u0131nda kaynaklar sunarak ekolojik okuryazarl\u0131\u011f\u0131 geli\u015ftirmek amac\u0131yla &#8220;AGRO K\u00fct\u00fcphanesi&#8221; olu\u015fturuldu\u011fu bildirildi.<br \/>\n<br \/>Zafer \u0130lkokulunda \u00f6\u011frencilerin do\u011fa ile daha g\u00fc\u00e7l\u00fc ba\u011f kurmalar\u0131na ve \u00e7evreye duyarl\u0131 bireyler olarak yeti\u015fmelerine katk\u0131 sa\u011flamak amac\u0131yla, Enerji Dostu Mavi-Yeil Okul projesi \u00e7er\u00e7evesinde, okulda do\u011fal malzemelerle dekore edilen &#8220;AGRO K\u00fct\u00fcphanesi&#8221; olu\u015fturuldu.<br \/><\/p>\n","protected":false},"excerpt":{"rendered":"<p>Alt\u0131nta\u015f il\u00e7esi Zafer \u0130lkokulunda \u00f6\u011frencilere \u00e7evre, do\u011fa ve s\u00fcrd\u00fcr\u00fclebilirlik konular\u0131nda kaynaklar sunarak ekolojik okuryazarl\u0131\u011f\u0131 geli\u015ftirmek amac\u0131yla &#8220;AGRO K\u00fct\u00fcphanesi&#8221; olu\u015fturuldu\u011fu bildirildi. Zafer \u0130lkokulunda \u00f6\u011frencilerin do\u011fa ile daha g\u00fc\u00e7l\u00fc ba\u011f kurmalar\u0131na ve \u00e7evreye duyarl\u0131 bireyler olarak yeti\u015fmelerine katk\u0131 sa\u011flamak amac\u0131yla, Enerji Dostu Mavi-Yeil Okul projesi \u00e7er\u00e7evesinde, okulda do\u011fal malzemelerle dekore edilen &#8220;AGRO K\u00fct\u00fcphanesi&#8221; olu\u015fturuldu.<\/p>\n","protected":false},"author":1,"featured_media":25410,"comment_status":"open","ping_status":"open","sticky":false,"template":"","format":"standard","meta":{"_crdt_document":"","footnotes":""},"categories":[1],"tags":[],"class_list":["post-25409","post","type-post","status-publish","format-standard","has-post-thumbnail","hentry","category-guncel"],"_links":{"self":[{"href":"https:\/\/www.egemtv.com\/index.php?rest_route=\/wp\/v2\/posts\/25409","targetHints":{"allow":["GET"]}}],"collection":[{"href":"https:\/\/www.egemtv.com\/index.php?rest_route=\/wp\/v2\/posts"}],"about":[{"href":"https:\/\/www.egemtv.com\/index.php?rest_route=\/wp\/v2\/types\/post"}],"author":[{"embeddable":true,"href":"https:\/\/www.egemtv.com\/index.php?rest_route=\/wp\/v2\/users\/1"}],"replies":[{"embeddable":true,"href":"https:\/\/www.egemtv.com\/index.php?rest_route=%2Fwp%2Fv2%2Fcomments&post=25409"}],"version-history":[{"count":1,"href":"https:\/\/www.egemtv.com\/index.php?rest_route=\/wp\/v2\/posts\/25409\/revisions"}],"predecessor-version":[{"id":25411,"href":"https:\/\/www.egemtv.com\/index.php?rest_route=\/wp\/v2\/posts\/25409\/revisions\/25411"}],"wp:featuredmedia":[{"embeddable":true,"href":"https:\/\/www.egemtv.com\/index.php?rest_route=\/wp\/v2\/media\/25410"}],"wp:attachment":[{"href":"https:\/\/www.egemtv.com\/index.php?rest_route=%2Fwp%2Fv2%2Fmedia&parent=25409"}],"wp:term":[{"taxonomy":"category","embeddable":true,"href":"https:\/\/www.egemtv.com\/index.php?rest_route=%2Fwp%2Fv2%2Fcategories&post=25409"},{"taxonomy":"post_tag","embeddable":true,"href":"https:\/\/www.egemtv.com\/index.php?rest_route=%2Fwp%2Fv2%2Ftags&post=25409"}],"curies":[{"name":"wp","href":"https:\/\/api.w.org\/{rel}","templated":true}]}}