{"id":25406,"date":"2025-03-20T11:44:33","date_gmt":"2025-03-20T08:44:33","guid":{"rendered":"https:\/\/www.egemtv.com\/?p=25406"},"modified":"2025-03-20T11:44:37","modified_gmt":"2025-03-20T08:44:37","slug":"aydinda-yesil-recete-operasyonunda-gozaltina-alinan-supheliler-adliyeye-sevk-edildi","status":"publish","type":"post","link":"https:\/\/www.egemtv.com\/?p=25406","title":{"rendered":"Ayd\u0131n\u2019da \u2019ye\u015fil re\u00e7ete\u2019 operasyonunda g\u00f6zalt\u0131na al\u0131nan \u015f\u00fcpheliler adliyeye sevk edildi"},"content":{"rendered":"<p>Ayd\u0131n merkezli iki ilde ger\u00e7ekle\u015ftirilen operasyonda ye\u015fil re\u00e7eteye tabi ila\u00e7lar\u0131n para kar\u015f\u0131l\u0131\u011f\u0131nda haks\u0131z \u015fekilde re\u00e7ete edilmesi olay\u0131nda \u00fc\u00e7\u00fc sa\u011fl\u0131k personeli 5 \u015f\u00fcpheli yakalan\u0131rken, sa\u011fl\u0131k personeli olan 3 \u015f\u00fcpheli adliyeye sevk edildi.<br \/>\n<br \/>Edinilen bilgiye g\u00f6re, Ayd\u0131n Cumhuriyet Ba\u015fsavc\u0131l\u0131\u011f\u0131 taraf\u0131ndan y\u00fcr\u00fct\u00fclen soru\u015fturma kapsam\u0131nda Ayd\u0131n \u0130l Emniyet M\u00fcd\u00fcrl\u00fc\u011f\u00fc Narkotik Su\u00e7larla M\u00fccadele \u015eube M\u00fcd\u00fcrl\u00fc\u011f\u00fc taraf\u0131ndan uyu\u015fturucu madde ticareti ve kullan\u0131m\u0131n\u0131 \u00f6nlemeye y\u00f6nelik \u00e7al\u0131\u015fma ba\u015flat\u0131ld\u0131. Yap\u0131lan \u00e7al\u0131\u015fmalarda ye\u015fil re\u00e7eteye tabi ila\u00e7lar\u0131n para kar\u015f\u0131l\u0131\u011f\u0131nda haks\u0131z \u015fekilde re\u00e7ete edildi\u011fi tespit edilirken, Ayd\u0131n ve Ordu illerinde operasyon d\u00fczenlendi. Yap\u0131lan operasyonda t\u0131bbi sekreterler A.B.K. (42) ve A.S.E. (35) ile r\u00f6ntgen teknisyeni Y.G. (52) Ayd\u0131n\u2019da yakaland\u0131. Ordu\u2019da ise B.B.G. (26) ile S.G. (20) isimli \u015f\u00fcpheliler d\u00fczenlenen operasyonla yakaland\u0131. Haklar\u0131nda TCK-188 (Uyu\u015fturucu madde ticareti yapmak) su\u00e7undan adli i\u015flem yap\u0131lan \u015f\u00fcphelilerden sa\u011fl\u0131k personelleri A.B.K., A.S.E. ve Y.G. Ayd\u0131n Adliyesi\u2019ne sevk edildi.<\/p>\n<p>Annesine sar\u0131larak a\u011flad\u0131<br \/>\n<br \/>Adliyeye sevk edilen kad\u0131n \u015f\u00fcphelilerden birinin k\u0131z\u0131 \u015fah\u0131slar\u0131n adliyeye sevki s\u0131ras\u0131nda annesine sar\u0131larak uzun s\u00fcre a\u011flad\u0131. Gen\u00e7 k\u0131z\u0131n \u2019anne\u2019 feryatlar\u0131 ile birlikte \u015f\u00fcpheliler hakim kar\u015f\u0131s\u0131na \u00e7\u0131kart\u0131lmak \u00fczere Ayd\u0131n Adliyesi\u2019ne al\u0131nd\u0131.<br \/>\n<br \/>Olayla ilgili soru\u015fturma s\u00fcr\u00fcyor.<br \/><\/p>\n","protected":false},"excerpt":{"rendered":"<p>Ayd\u0131n merkezli iki ilde ger\u00e7ekle\u015ftirilen operasyonda ye\u015fil re\u00e7eteye tabi ila\u00e7lar\u0131n para kar\u015f\u0131l\u0131\u011f\u0131nda haks\u0131z \u015fekilde re\u00e7ete edilmesi olay\u0131nda \u00fc\u00e7\u00fc sa\u011fl\u0131k personeli 5 \u015f\u00fcpheli yakalan\u0131rken, sa\u011fl\u0131k personeli olan 3 \u015f\u00fcpheli adliyeye sevk edildi. Edinilen bilgiye g\u00f6re, Ayd\u0131n Cumhuriyet Ba\u015fsavc\u0131l\u0131\u011f\u0131 taraf\u0131ndan y\u00fcr\u00fct\u00fclen soru\u015fturma kapsam\u0131nda Ayd\u0131n \u0130l Emniyet M\u00fcd\u00fcrl\u00fc\u011f\u00fc Narkotik Su\u00e7larla M\u00fccadele \u015eube M\u00fcd\u00fcrl\u00fc\u011f\u00fc taraf\u0131ndan uyu\u015fturucu madde ticareti ve&#8230;<\/p>\n","protected":false},"author":1,"featured_media":25407,"comment_status":"open","ping_status":"open","sticky":false,"template":"","format":"standard","meta":{"_crdt_document":"","footnotes":""},"categories":[5],"tags":[],"class_list":["post-25406","post","type-post","status-publish","format-standard","has-post-thumbnail","hentry","category-asayis"],"_links":{"self":[{"href":"https:\/\/www.egemtv.com\/index.php?rest_route=\/wp\/v2\/posts\/25406","targetHints":{"allow":["GET"]}}],"collection":[{"href":"https:\/\/www.egemtv.com\/index.php?rest_route=\/wp\/v2\/posts"}],"about":[{"href":"https:\/\/www.egemtv.com\/index.php?rest_route=\/wp\/v2\/types\/post"}],"author":[{"embeddable":true,"href":"https:\/\/www.egemtv.com\/index.php?rest_route=\/wp\/v2\/users\/1"}],"replies":[{"embeddable":true,"href":"https:\/\/www.egemtv.com\/index.php?rest_route=%2Fwp%2Fv2%2Fcomments&post=25406"}],"version-history":[{"count":1,"href":"https:\/\/www.egemtv.com\/index.php?rest_route=\/wp\/v2\/posts\/25406\/revisions"}],"predecessor-version":[{"id":25408,"href":"https:\/\/www.egemtv.com\/index.php?rest_route=\/wp\/v2\/posts\/25406\/revisions\/25408"}],"wp:featuredmedia":[{"embeddable":true,"href":"https:\/\/www.egemtv.com\/index.php?rest_route=\/wp\/v2\/media\/25407"}],"wp:attachment":[{"href":"https:\/\/www.egemtv.com\/index.php?rest_route=%2Fwp%2Fv2%2Fmedia&parent=25406"}],"wp:term":[{"taxonomy":"category","embeddable":true,"href":"https:\/\/www.egemtv.com\/index.php?rest_route=%2Fwp%2Fv2%2Fcategories&post=25406"},{"taxonomy":"post_tag","embeddable":true,"href":"https:\/\/www.egemtv.com\/index.php?rest_route=%2Fwp%2Fv2%2Ftags&post=25406"}],"curies":[{"name":"wp","href":"https:\/\/api.w.org\/{rel}","templated":true}]}}