{"id":25403,"date":"2025-03-20T11:44:26","date_gmt":"2025-03-20T08:44:26","guid":{"rendered":"https:\/\/www.egemtv.com\/?p=25403"},"modified":"2025-03-20T11:44:32","modified_gmt":"2025-03-20T08:44:32","slug":"karacasuda-ramazan-denetimi","status":"publish","type":"post","link":"https:\/\/www.egemtv.com\/?p=25403","title":{"rendered":"Karacasu\u2019da Ramazan denetimi"},"content":{"rendered":"<p>Karacasu Belediyesi zab\u0131ta ekipleri, Ramazan ay\u0131 ile birlikte de\u011fi\u015fen beslenme al\u0131\u015fkanl\u0131klar\u0131n\u0131 da dikkate alarak f\u0131r\u0131nlarda denetim ger\u00e7ekle\u015ftirdi.<\/p>\n<p>Karacasu Belediyesi zab\u0131ta ekipleri koordinesinde y\u0131l boyu ger\u00e7ekle\u015ftirilen g\u0131da denetimleri Ramazan ay\u0131n\u0131n yakla\u015fmas\u0131yla s\u0131kla\u015ft\u0131r\u0131ld\u0131. Bu \u00e7er\u00e7evede zab\u0131ta ekipleri, Ramazan boyunca vatanda\u015flar\u0131n g\u00fcvenli g\u0131da t\u00fcketebilmesi i\u00e7in f\u0131r\u0131n, unlu mam\u00fcller, ekmek, tatl\u0131, \u015fekerli mamul, et ve s\u00fct \u00fcr\u00fcnleri sat\u0131\u015f\u0131 ve \u00fcretimi yapan g\u0131da i\u015fletmelerinde denetim ger\u00e7ekle\u015ftirdi. Ramazanda de\u011fi\u015fen beslenme al\u0131\u015fkanl\u0131klar\u0131nda olu\u015fabilecek durumlar\u0131 da g\u00f6z \u00f6n\u00fcnde bulunduran ekipler, ayr\u0131ca, \u2018Ramazan paketi\u2019 ad\u0131 alt\u0131nda haz\u0131rlanan g\u0131da paketlerinin de kontrollerini yaparak g\u0131dalar\u0131n son t\u00fcketim tarihi ile etiket bilgileri kontrol etti. Bu kapsamda ekiplerin son adresi de f\u0131r\u0131nlar oldu. Ramazan ay\u0131 boyunca f\u0131r\u0131nlar\u0131 gezen ekipler, ekmek ve pidelerde gramaj denetimi ger\u00e7ekle\u015ftirirken, hijyen kontrol\u00fc yapt\u0131.<\/p>\n<p>Konu ile ilgili Karacasu Belediyesi\u2019nden yap\u0131lan a\u00e7\u0131klamada &#8220;Zab\u0131ta M\u00fcd\u00fcrl\u00fc\u011f\u00fc ekiplerimiz, Ramazan Ay\u0131 boyunca f\u0131r\u0131nlarda hijyen ve gramaj denetimlerini s\u00fcrd\u00fcrecektir. Halk\u0131m\u0131z\u0131n sa\u011fl\u0131\u011f\u0131 ve g\u00fcvenli\u011fi i\u00e7in kontrollerimiz aral\u0131ks\u0131z devam edecektir&#8221; ifadeleri yer ald\u0131.<br \/><\/p>\n","protected":false},"excerpt":{"rendered":"<p>Karacasu Belediyesi zab\u0131ta ekipleri, Ramazan ay\u0131 ile birlikte de\u011fi\u015fen beslenme al\u0131\u015fkanl\u0131klar\u0131n\u0131 da dikkate alarak f\u0131r\u0131nlarda denetim ger\u00e7ekle\u015ftirdi. Karacasu Belediyesi zab\u0131ta ekipleri koordinesinde y\u0131l boyu ger\u00e7ekle\u015ftirilen g\u0131da denetimleri Ramazan ay\u0131n\u0131n yakla\u015fmas\u0131yla s\u0131kla\u015ft\u0131r\u0131ld\u0131. Bu \u00e7er\u00e7evede zab\u0131ta ekipleri, Ramazan boyunca vatanda\u015flar\u0131n g\u00fcvenli g\u0131da t\u00fcketebilmesi i\u00e7in f\u0131r\u0131n, unlu mam\u00fcller, ekmek, tatl\u0131, \u015fekerli mamul, et ve s\u00fct \u00fcr\u00fcnleri sat\u0131\u015f\u0131 ve&#8230;<\/p>\n","protected":false},"author":1,"featured_media":25404,"comment_status":"open","ping_status":"open","sticky":false,"template":"","format":"standard","meta":{"_crdt_document":"","footnotes":""},"categories":[2],"tags":[],"class_list":["post-25403","post","type-post","status-publish","format-standard","has-post-thumbnail","hentry","category-saglik"],"_links":{"self":[{"href":"https:\/\/www.egemtv.com\/index.php?rest_route=\/wp\/v2\/posts\/25403","targetHints":{"allow":["GET"]}}],"collection":[{"href":"https:\/\/www.egemtv.com\/index.php?rest_route=\/wp\/v2\/posts"}],"about":[{"href":"https:\/\/www.egemtv.com\/index.php?rest_route=\/wp\/v2\/types\/post"}],"author":[{"embeddable":true,"href":"https:\/\/www.egemtv.com\/index.php?rest_route=\/wp\/v2\/users\/1"}],"replies":[{"embeddable":true,"href":"https:\/\/www.egemtv.com\/index.php?rest_route=%2Fwp%2Fv2%2Fcomments&post=25403"}],"version-history":[{"count":1,"href":"https:\/\/www.egemtv.com\/index.php?rest_route=\/wp\/v2\/posts\/25403\/revisions"}],"predecessor-version":[{"id":25405,"href":"https:\/\/www.egemtv.com\/index.php?rest_route=\/wp\/v2\/posts\/25403\/revisions\/25405"}],"wp:featuredmedia":[{"embeddable":true,"href":"https:\/\/www.egemtv.com\/index.php?rest_route=\/wp\/v2\/media\/25404"}],"wp:attachment":[{"href":"https:\/\/www.egemtv.com\/index.php?rest_route=%2Fwp%2Fv2%2Fmedia&parent=25403"}],"wp:term":[{"taxonomy":"category","embeddable":true,"href":"https:\/\/www.egemtv.com\/index.php?rest_route=%2Fwp%2Fv2%2Fcategories&post=25403"},{"taxonomy":"post_tag","embeddable":true,"href":"https:\/\/www.egemtv.com\/index.php?rest_route=%2Fwp%2Fv2%2Ftags&post=25403"}],"curies":[{"name":"wp","href":"https:\/\/api.w.org\/{rel}","templated":true}]}}