{"id":25400,"date":"2025-03-20T11:44:22","date_gmt":"2025-03-20T08:44:22","guid":{"rendered":"https:\/\/www.egemtv.com\/?p=25400"},"modified":"2025-03-20T11:44:26","modified_gmt":"2025-03-20T08:44:26","slug":"baskan-zeyrekten-colyak-hastasina-aninda-destek","status":"publish","type":"post","link":"https:\/\/www.egemtv.com\/?p=25400","title":{"rendered":"Ba\u015fkan Zeyrek\u2019ten \u00e7\u00f6lyak hastas\u0131na an\u0131nda destek"},"content":{"rendered":"<p>Manisa B\u00fcy\u00fck\u015fehir Belediye Ba\u015fkan\u0131 Ferdi Zeyrek, Muradiye Mahallesi\u2019nde d\u00fczenlenen iftar program\u0131nda, \u00e7\u00f6lyak hastas\u0131 oldu\u011funu belirten bir vatanda\u015f\u0131n talebine kay\u0131ts\u0131z kalmad\u0131. Ba\u015fkan Zeyrek\u2019e gl\u00fctensiz g\u0131da kolisi yard\u0131m\u0131n\u0131n kendisine de yap\u0131lmas\u0131n\u0131 isteyen \u00e7\u00f6lyak hastas\u0131 G\u00fclizar Yenilmez\u2019in bu talebi hemen de\u011ferlendirerek ertesi g\u00fcn hem Yenilmez\u2019e hem de kendisi gibi \u00e7\u00f6lyak hastas\u0131 olan karde\u015fi Ahmet K\u0131rnavo\u011flu\u2019na gl\u00fctensiz g\u0131da kolisi ula\u015ft\u0131r\u0131ld\u0131.<br \/>\n<br \/>Manisa B\u00fcy\u00fck\u015fehir Belediyesi, \u00e7\u00f6lyak ve fenilketon\u00fcri hastalar\u0131na y\u00f6nelik \u00f6nemli bir sosyal sorumluluk projesine imza at\u0131yor. Sosyal Hizmetler Dairesi Ba\u015fkanl\u0131\u011f\u0131 koordinesinde, gl\u00fctensiz ve d\u00fc\u015f\u00fck proteinli g\u0131da kolileri haz\u0131rlanarak iki ayda bir ihtiya\u00e7 sahiplerine ula\u015ft\u0131r\u0131l\u0131yor. Bu \u00f6zel g\u0131da kolilerinin temini ise \u00e7ocuklar\u0131 \u00e7\u00f6lyak hastal\u0131\u011f\u0131na sahip annelerin kurdu\u011fu Mutlu Beslen Kad\u0131n Kooperatifi\u2019nden sa\u011flan\u0131yor.<br \/>\n<br \/>G\u00fclizar Yenilmez, B\u00fcy\u00fck\u015fehir Belediyesi\u2019nin Muradiye Mahallesi\u2019nde d\u00fczenledi\u011fi iftar program\u0131nda, \u00e7\u00f6lyak hastas\u0131 oldu\u011funu belirterek Ba\u015fkan Ferdi Zeyrek\u2019ten kendisine de gl\u00fctensiz g\u0131da kolisi deste\u011finde bulunulmas\u0131n\u0131 istedi. Ba\u015fkan Zeyrek, bu talebi hemen de\u011ferlendirerek ertesi g\u00fcn Sosyal Hizmetler Dairesi Ba\u015fkanl\u0131\u011f\u0131 ekipleriyle hem Yenilmez\u2019e hem de onun gibi \u00e7\u00f6lyak hastas\u0131 olan karde\u015fi Ahmet K\u0131rnavo\u011flu\u2019na gl\u00fctensiz g\u0131da kolisi ula\u015ft\u0131rd\u0131.<br \/>\n<br \/>Yenilmez, \u00e7\u00f6lyak hastal\u0131\u011f\u0131yla 6 y\u0131ld\u0131r m\u00fccadele etti\u011fini belirterek, Muradiye\u2019deki iftar yeme\u011finde Ba\u015fkan Zeyrek\u2019e talebini iletti\u011fini, bu kadar h\u0131zl\u0131 bir d\u00f6n\u00fc\u015f beklemedi\u011fini ifade etti. Yenilmez, &#8220;Ferdi Bey, bu y\u0131l gl\u00fctensiz kolilerin iki ayda bir verilece\u011fini duyurdu. Muradiye\u2019de iftar yeme\u011fi vard\u0131, yan\u0131na gidip kendisine yaz\u0131l\u0131 olarak talebimi ilettim. Yaz\u0131y\u0131 okudu, konu\u015ftuk, kolinin iletilece\u011fini s\u00f6yledi, ama hemen d\u00f6nece\u011fini d\u00fc\u015f\u00fcnmemi\u015ftim. Birka\u00e7 g\u00fcn ge\u00e7sin, gelmezse Belediye\u2019ye \u00f6yle giderim diyordum. Ama ertesi g\u00fcn koli g\u00f6nderilmesini beklemiyordum&#8221; dedi.<br \/>\n<br \/>Ba\u015fkan Zeyrek\u2019in bu konudaki hassasiyetinden mutlu oldu\u011funu s\u00f6yleyen Yenilmez, &#8220;Fark etmemi\u015fim, yeni koli da\u011f\u0131t\u0131m\u0131 ba\u015flam\u0131\u015f. Makarna ve un uzun zamand\u0131r almam\u0131\u015ft\u0131m, bu destek benim i\u00e7in \u00e7ok iyi oldu. Gl\u00fctensiz \u00fcr\u00fcnlere ula\u015fmak kolay de\u011fil. Halin vaktin iyiyse alabiliyorsun ama \u00f6b\u00fcr t\u00fcrl\u00fc \u00e7ok zor.  B\u00f6yle imkanlar size ula\u015ft\u0131\u011f\u0131 s\u00fcrece \u00e7ok iyi oluyor. Ferdi Bey bu konuda \u00e7ok hassas. Ak\u015fam talebimi ilettim, ertesi g\u00fcn koli g\u00f6nderildi. \u00dcstelik karde\u015fim de \u00e7\u00f6lyak hastas\u0131, ona da koli g\u00f6ndermi\u015fler. \u0130ki koli g\u00f6ndermeleri de \u00e7ok ince bir d\u00fc\u015f\u00fcnce. Kendisine \u00e7ok te\u015fekk\u00fcr ediyoruz. \u0130n\u015fallah daha fazla gl\u00fctensiz destekler sa\u011flan\u0131r. Bu deste\u011fi bilmeyen, ula\u015famayan \u00e7\u00f6lyakl\u0131 vatanda\u015flar\u0131m\u0131z varsa B\u00fcy\u00fck\u015fehir Belediyesi\u2019ne m\u00fcracaat edebilirler. \u0130nternet \u00fczerinden de ba\u015fvuru yapabilirler&#8221; diyerek belediyenin \u00e7al\u0131\u015fmalar\u0131ndan duydu\u011fu memnuniyeti dile getirdi.<\/p>\n<p>&#8220;\u00c7\u00f6lyak hastalar\u0131n\u0131n yan\u0131nda olmaya devam edece\u011fiz&#8221;<br \/>\n<br \/>B\u00fcy\u00fck\u015fehir Belediye Ba\u015fkan\u0131 Ferdi Zeyrek, \u00e7\u00f6lyak hastalar\u0131n\u0131n ya\u015fad\u0131\u011f\u0131 zorluklar\u0131n fark\u0131nda olduklar\u0131n\u0131 vurgulayarak, &#8220;Manisa B\u00fcy\u00fck\u015fehir Belediyesi olarak, sosyal belediyecilik anlay\u0131\u015f\u0131m\u0131z gere\u011fi toplumun her kesiminin ihtiya\u00e7lar\u0131na duyarl\u0131 bir \u015fekilde yakla\u015f\u0131yoruz. \u00c7\u00f6lyak hastas\u0131 vatanda\u015flar\u0131m\u0131z\u0131n gl\u00fctensiz g\u0131da \u00fcr\u00fcnlerine ula\u015fmas\u0131n\u0131n ne kadar zor oldu\u011funu biliyoruz. Bu nedenle gl\u00fctensiz g\u0131da kolisi deste\u011fimizi daha d\u00fczenli hale getirerek iki ayda bir vatanda\u015flar\u0131m\u0131za ula\u015ft\u0131raca\u011f\u0131z. Vatanda\u015flar\u0131m\u0131z\u0131n sa\u011fl\u0131klar\u0131n\u0131 korumalar\u0131na ve ya\u015famlar\u0131n\u0131 kolayla\u015ft\u0131rmalar\u0131na katk\u0131 sa\u011flamak bizim \u00f6nceli\u011fimiz. G\u0131da kolilerinin teminini ise \u00e7ocuklar\u0131 \u00e7\u00f6lyak hastal\u0131\u011f\u0131na sahip annelerin kurdu\u011fu Mutlu Beslen Kad\u0131n Kooperatifi\u2019nden sa\u011fl\u0131yoruz. Bu deste\u011fin daha fazla ki\u015fiye ula\u015fmas\u0131 i\u00e7in belediyemize ba\u015fvuruda bulunabilirsiniz. \u00c7\u00f6lyak hastalar\u0131m\u0131z\u0131n yan\u0131nda olmaya devam edece\u011fiz&#8221; dedi.<br \/><\/p>\n","protected":false},"excerpt":{"rendered":"<p>Manisa B\u00fcy\u00fck\u015fehir Belediye Ba\u015fkan\u0131 Ferdi Zeyrek, Muradiye Mahallesi\u2019nde d\u00fczenlenen iftar program\u0131nda, \u00e7\u00f6lyak hastas\u0131 oldu\u011funu belirten bir vatanda\u015f\u0131n talebine kay\u0131ts\u0131z kalmad\u0131. Ba\u015fkan Zeyrek\u2019e gl\u00fctensiz g\u0131da kolisi yard\u0131m\u0131n\u0131n kendisine de yap\u0131lmas\u0131n\u0131 isteyen \u00e7\u00f6lyak hastas\u0131 G\u00fclizar Yenilmez\u2019in bu talebi hemen de\u011ferlendirerek ertesi g\u00fcn hem Yenilmez\u2019e hem de kendisi gibi \u00e7\u00f6lyak hastas\u0131 olan karde\u015fi Ahmet K\u0131rnavo\u011flu\u2019na gl\u00fctensiz g\u0131da kolisi&#8230;<\/p>\n","protected":false},"author":1,"featured_media":25401,"comment_status":"open","ping_status":"open","sticky":false,"template":"","format":"standard","meta":{"_crdt_document":"","footnotes":""},"categories":[2],"tags":[],"class_list":["post-25400","post","type-post","status-publish","format-standard","has-post-thumbnail","hentry","category-saglik"],"_links":{"self":[{"href":"https:\/\/www.egemtv.com\/index.php?rest_route=\/wp\/v2\/posts\/25400","targetHints":{"allow":["GET"]}}],"collection":[{"href":"https:\/\/www.egemtv.com\/index.php?rest_route=\/wp\/v2\/posts"}],"about":[{"href":"https:\/\/www.egemtv.com\/index.php?rest_route=\/wp\/v2\/types\/post"}],"author":[{"embeddable":true,"href":"https:\/\/www.egemtv.com\/index.php?rest_route=\/wp\/v2\/users\/1"}],"replies":[{"embeddable":true,"href":"https:\/\/www.egemtv.com\/index.php?rest_route=%2Fwp%2Fv2%2Fcomments&post=25400"}],"version-history":[{"count":1,"href":"https:\/\/www.egemtv.com\/index.php?rest_route=\/wp\/v2\/posts\/25400\/revisions"}],"predecessor-version":[{"id":25402,"href":"https:\/\/www.egemtv.com\/index.php?rest_route=\/wp\/v2\/posts\/25400\/revisions\/25402"}],"wp:featuredmedia":[{"embeddable":true,"href":"https:\/\/www.egemtv.com\/index.php?rest_route=\/wp\/v2\/media\/25401"}],"wp:attachment":[{"href":"https:\/\/www.egemtv.com\/index.php?rest_route=%2Fwp%2Fv2%2Fmedia&parent=25400"}],"wp:term":[{"taxonomy":"category","embeddable":true,"href":"https:\/\/www.egemtv.com\/index.php?rest_route=%2Fwp%2Fv2%2Fcategories&post=25400"},{"taxonomy":"post_tag","embeddable":true,"href":"https:\/\/www.egemtv.com\/index.php?rest_route=%2Fwp%2Fv2%2Ftags&post=25400"}],"curies":[{"name":"wp","href":"https:\/\/api.w.org\/{rel}","templated":true}]}}