{"id":25397,"date":"2025-03-20T11:44:17","date_gmt":"2025-03-20T08:44:17","guid":{"rendered":"https:\/\/www.egemtv.com\/?p=25397"},"modified":"2025-03-20T11:44:22","modified_gmt":"2025-03-20T08:44:22","slug":"atik-kumaslardan-kubist-portreler-sergisi","status":"publish","type":"post","link":"https:\/\/www.egemtv.com\/?p=25397","title":{"rendered":"At\u0131k kuma\u015flardan \u2019K\u00fcbist\u2019 portreler sergisi"},"content":{"rendered":"<p>Ege \u00dcniversitesi (E\u00dc) Bay\u0131nd\u0131r Meslek Y\u00fcksekokulu Moda Tasar\u0131m Program\u0131 Koordinat\u00f6r\u00fc Do\u00e7. Dr. Dilek Yurt ve program \u00f6\u011frencileri Zerda Ayg\u00fcn ile Esra Nurda B\u00fct\u00fc\u015faba\u2019n\u0131n haz\u0131rlad\u0131klar\u0131 &#8220;At\u0131k Kuma\u015flardan K\u00fcbist Portreler Sergisi&#8221; kap\u0131lar\u0131n\u0131 sanatseverlere a\u00e7t\u0131. \u00d6\u011frencilerin eserleri, E\u00dc Sa\u011fl\u0131k K\u00fclt\u00fcr ve Spor Daire Ba\u015fkanl\u0131\u011f\u0131 Sergi Salonunda be\u011feniye sunuldu.<\/p>\n<p>Serginin amac\u0131n\u0131 anlatan Proje Dan\u0131\u015fman\u0131 Do\u00e7. Dr. Dilek Yurt, &#8220;G\u00fcn\u00fcm\u00fczde at\u0131klar\u0131n y\u00fczde 26\u2019s\u0131n\u0131 tekstil at\u0131klar\u0131 olu\u015fturuyor. Biz de bu veriden yola \u00e7\u0131karak hem fark\u0131ndal\u0131k olu\u015fturmak istedik, hem de at\u0131klar\u0131 geri d\u00f6n\u00fc\u015f\u00fcm\u00fcn daha ilerisine ta\u015f\u0131yarak, \u2018ileri d\u00f6n\u00fc\u015f\u00fcm\u2019 \u015feklinde sanatsal hale getirdik. Ba\u015far\u0131l\u0131 \u00e7al\u0131\u015fmalar\u0131ndan \u00f6t\u00fcr\u00fc \u00f6\u011frencilerimi tebrik ediyorum&#8221; diye konu\u015ftu.<\/p>\n<p>Sergide yer alan eserlerin sahiplerinden olan Bay\u0131nd\u0131r Meslek Y\u00fcksekokulu Moda Tasar\u0131m Program\u0131 \u00f6\u011frencisi Zerda Ayg\u00fcn, as\u0131l ama\u00e7lar\u0131n\u0131n at\u0131k tekstil malzemelerini sanatla birle\u015ftirerek tablo haline getirmek oldu\u011funu s\u00f6yledi. At\u0131klar\u0131n yeniden d\u00f6n\u00fc\u015ft\u00fcr\u00fclmesine katk\u0131 sa\u011flayan at\u0131k y\u00f6netimini desteklemek istediklerini dile getiren Ayg\u00fcn, &#8220;\u00c7evre bilincinin her ge\u00e7en g\u00fcn \u00f6nem kazand\u0131\u011f\u0131 \u00e7a\u011f\u0131m\u0131zda, at\u0131k malzemelerin ileri d\u00f6n\u00fc\u015ft\u00fcr\u00fclmesi, s\u00fcrd\u00fcr\u00fclebilir ve yenilik\u00e7i bir yakla\u015f\u0131m olarak b\u00fcy\u00fck ilgi g\u00f6rmektedir. At\u0131klar\u0131n azalt\u0131lmas\u0131, yeniden kullan\u0131m\u0131, ileri d\u00f6n\u00fc\u015f\u00fcm\u00fc ve uygun \u015fekilde bertaraf edilmesi s\u00fcre\u00e7lerini kapsayan at\u0131k y\u00f6netimi, \u00e7evresel s\u00fcrd\u00fcr\u00fclebilirli\u011fi art\u0131r\u0131r. At\u0131k malzemeleri sanatsal ve ticari \u00fcr\u00fcnlere d\u00f6n\u00fc\u015ft\u00fcr\u00fcp te\u015fvik eder, \u00e7evresel y\u00fck\u00fc azalt\u0131r ve ekonomik de\u011fer olu\u015fturur&#8221; dedi.<\/p>\n<p>&#8220;S\u0131f\u0131r at\u0131k yakla\u015f\u0131m\u0131n\u0131 ele alarak s\u00fcrd\u00fcr\u00fclebilirli\u011fe dikkat \u00e7ektik&#8221;<br \/>\n<br \/>Ayg\u00fcn, &#8220;Bu yolculu\u011fa \u00e7\u0131kmam\u0131z\u0131n en b\u00fcy\u00fck sebep s\u00fcrd\u00fcr\u00fclebilir tasar\u0131m ve at\u0131k y\u00f6netimi alanlar\u0131ndaki bilgi birikimine katk\u0131da bulunmak ve ayn\u0131 zamanda te\u015fvik eden yenile\u015fmeye ilham kayna\u011f\u0131 olmakt\u0131r. Projemizde s\u0131f\u0131r at\u0131k yakla\u015f\u0131m\u0131n\u0131 ele alarak s\u00fcrd\u00fcr\u00fclebilirlik kavram\u0131na dikkat \u00e7ekmek istedik. At\u0131k duruma gelmi\u015f denim, ke\u00e7e, deri gibi tekstil malzemelerini bir araya getirerek sanatsal bir \u00e7al\u0131\u015fma ile ileri d\u00f6n\u00fc\u015f\u00fcm\u00fc sa\u011flad\u0131k. Bu do\u011frultuda at\u0131k tekstil malzemelerden k\u00fcbist portreler ortaya \u00e7\u0131kard\u0131k&#8221; diye konu\u015ftu.<\/p>\n<p>&#8220;At\u0131k Kuma\u015flardan K\u00fcbist Portreler Sergisi&#8221; 4 Nisan\u2019a kadar Ege \u00dcniversitesi Sa\u011fl\u0131k K\u00fclt\u00fcr ve Spor Daire Ba\u015fkanl\u0131\u011f\u0131 Sergi Salonunda ziyarete a\u00e7\u0131k olacak.<br \/><\/p>\n","protected":false},"excerpt":{"rendered":"<p>Ege \u00dcniversitesi (E\u00dc) Bay\u0131nd\u0131r Meslek Y\u00fcksekokulu Moda Tasar\u0131m Program\u0131 Koordinat\u00f6r\u00fc Do\u00e7. Dr. Dilek Yurt ve program \u00f6\u011frencileri Zerda Ayg\u00fcn ile Esra Nurda B\u00fct\u00fc\u015faba\u2019n\u0131n haz\u0131rlad\u0131klar\u0131 &#8220;At\u0131k Kuma\u015flardan K\u00fcbist Portreler Sergisi&#8221; kap\u0131lar\u0131n\u0131 sanatseverlere a\u00e7t\u0131. \u00d6\u011frencilerin eserleri, E\u00dc Sa\u011fl\u0131k K\u00fclt\u00fcr ve Spor Daire Ba\u015fkanl\u0131\u011f\u0131 Sergi Salonunda be\u011feniye sunuldu. Serginin amac\u0131n\u0131 anlatan Proje Dan\u0131\u015fman\u0131 Do\u00e7. Dr. Dilek Yurt, &#8220;G\u00fcn\u00fcm\u00fczde&#8230;<\/p>\n","protected":false},"author":1,"featured_media":25398,"comment_status":"open","ping_status":"open","sticky":false,"template":"","format":"standard","meta":{"_crdt_document":"","footnotes":""},"categories":[1],"tags":[],"class_list":["post-25397","post","type-post","status-publish","format-standard","has-post-thumbnail","hentry","category-guncel"],"_links":{"self":[{"href":"https:\/\/www.egemtv.com\/index.php?rest_route=\/wp\/v2\/posts\/25397","targetHints":{"allow":["GET"]}}],"collection":[{"href":"https:\/\/www.egemtv.com\/index.php?rest_route=\/wp\/v2\/posts"}],"about":[{"href":"https:\/\/www.egemtv.com\/index.php?rest_route=\/wp\/v2\/types\/post"}],"author":[{"embeddable":true,"href":"https:\/\/www.egemtv.com\/index.php?rest_route=\/wp\/v2\/users\/1"}],"replies":[{"embeddable":true,"href":"https:\/\/www.egemtv.com\/index.php?rest_route=%2Fwp%2Fv2%2Fcomments&post=25397"}],"version-history":[{"count":1,"href":"https:\/\/www.egemtv.com\/index.php?rest_route=\/wp\/v2\/posts\/25397\/revisions"}],"predecessor-version":[{"id":25399,"href":"https:\/\/www.egemtv.com\/index.php?rest_route=\/wp\/v2\/posts\/25397\/revisions\/25399"}],"wp:featuredmedia":[{"embeddable":true,"href":"https:\/\/www.egemtv.com\/index.php?rest_route=\/wp\/v2\/media\/25398"}],"wp:attachment":[{"href":"https:\/\/www.egemtv.com\/index.php?rest_route=%2Fwp%2Fv2%2Fmedia&parent=25397"}],"wp:term":[{"taxonomy":"category","embeddable":true,"href":"https:\/\/www.egemtv.com\/index.php?rest_route=%2Fwp%2Fv2%2Fcategories&post=25397"},{"taxonomy":"post_tag","embeddable":true,"href":"https:\/\/www.egemtv.com\/index.php?rest_route=%2Fwp%2Fv2%2Ftags&post=25397"}],"curies":[{"name":"wp","href":"https:\/\/api.w.org\/{rel}","templated":true}]}}