{"id":25394,"date":"2025-03-20T11:23:21","date_gmt":"2025-03-20T08:23:21","guid":{"rendered":"https:\/\/www.egemtv.com\/?p=25394"},"modified":"2025-03-20T11:23:26","modified_gmt":"2025-03-20T08:23:26","slug":"nazilli-cumhuriyet-meydani-yenilendi","status":"publish","type":"post","link":"https:\/\/www.egemtv.com\/?p=25394","title":{"rendered":"Nazilli Cumhuriyet Meydan\u0131 yenilendi"},"content":{"rendered":"<p>Nazilli Belediyesi Park ve Bah\u00e7eler M\u00fcd\u00fcrl\u00fc\u011f\u00fc ekipleri, Cumhuriyet Meydan\u0131\u2019nda ba\u015flat\u0131lan kapsaml\u0131 yenileme \u00e7al\u0131\u015fmalar\u0131n\u0131 tamamlad\u0131.<\/p>\n<p>Yakla\u015f\u0131k 1 hafta s\u00fcren \u00e7al\u0131\u015fmalar kapsam\u0131nda, eski banklar kald\u0131r\u0131larak belediye ekipleri taraf\u0131ndan \u015fantiyede \u00fcretilen yeni banklar eklendi. Meydan\u0131\u2019n\u0131n kuzey k\u0131sm\u0131na \u00fcst\u00fcnde g\u00f6lgelik bulunan yeni banklar koyulurken, g\u00fcney k\u0131sm\u0131nda ise mevcut bank say\u0131s\u0131 iki kat\u0131na \u00e7\u0131kar\u0131ld\u0131. Elektrik t\u00fcketimi fazla olan eski f\u0131\u015fkiyeler ise kald\u0131r\u0131larak Park ve Bah\u00e7eler M\u00fcd\u00fcrl\u00fc\u011f\u00fc fidanl\u0131\u011f\u0131nda yeti\u015ftirilen rengarenk \u00e7i\u00e7ekler dikildi. Meydandaki yaya ge\u00e7i\u015f alanlar\u0131 d\u0131\u015f\u0131nda kalan noktalar tamamen \u00e7imle kaplanarak ye\u015fil alan say\u0131s\u0131 art\u0131r\u0131ld\u0131 ve meydana daha ferah bir g\u00f6r\u00fcn\u00fcm kazand\u0131r\u0131ld\u0131.<\/p>\n<p>Her g\u00fcn binlerce ki\u015finin ge\u00e7i\u015f g\u00fczergah\u0131nda yer alan meydan\u0131n yenilenmesi ile \u015fehrin taze bir nefes ald\u0131\u011f\u0131n\u0131 s\u00f6yleyen Belediye Ba\u015fkan\u0131 Dr. Ertu\u011frul Tetik, &#8220;\u00c7al\u0131\u015fmalar\u0131n h\u0131zla tamamlanmas\u0131 i\u00e7in gece g\u00fcnd\u00fcz demeden \u00e7al\u0131\u015fan t\u00fcm Park ve Bah\u00e7eler M\u00fcd\u00fcrl\u00fc\u011f\u00fc ekiplerine ve Daire M\u00fcd\u00fcr\u00fcm\u00fcz M\u00fcjdat \u00d6zbi\u00e7er\u2019e te\u015fekk\u00fcr ediyorum&#8221; dedi.<br \/><\/p>\n","protected":false},"excerpt":{"rendered":"<p>Nazilli Belediyesi Park ve Bah\u00e7eler M\u00fcd\u00fcrl\u00fc\u011f\u00fc ekipleri, Cumhuriyet Meydan\u0131\u2019nda ba\u015flat\u0131lan kapsaml\u0131 yenileme \u00e7al\u0131\u015fmalar\u0131n\u0131 tamamlad\u0131. Yakla\u015f\u0131k 1 hafta s\u00fcren \u00e7al\u0131\u015fmalar kapsam\u0131nda, eski banklar kald\u0131r\u0131larak belediye ekipleri taraf\u0131ndan \u015fantiyede \u00fcretilen yeni banklar eklendi. Meydan\u0131\u2019n\u0131n kuzey k\u0131sm\u0131na \u00fcst\u00fcnde g\u00f6lgelik bulunan yeni banklar koyulurken, g\u00fcney k\u0131sm\u0131nda ise mevcut bank say\u0131s\u0131 iki kat\u0131na \u00e7\u0131kar\u0131ld\u0131. Elektrik t\u00fcketimi fazla olan eski f\u0131\u015fkiyeler&#8230;<\/p>\n","protected":false},"author":1,"featured_media":25395,"comment_status":"open","ping_status":"open","sticky":false,"template":"","format":"standard","meta":{"_crdt_document":"","footnotes":""},"categories":[1],"tags":[],"class_list":["post-25394","post","type-post","status-publish","format-standard","has-post-thumbnail","hentry","category-guncel"],"_links":{"self":[{"href":"https:\/\/www.egemtv.com\/index.php?rest_route=\/wp\/v2\/posts\/25394","targetHints":{"allow":["GET"]}}],"collection":[{"href":"https:\/\/www.egemtv.com\/index.php?rest_route=\/wp\/v2\/posts"}],"about":[{"href":"https:\/\/www.egemtv.com\/index.php?rest_route=\/wp\/v2\/types\/post"}],"author":[{"embeddable":true,"href":"https:\/\/www.egemtv.com\/index.php?rest_route=\/wp\/v2\/users\/1"}],"replies":[{"embeddable":true,"href":"https:\/\/www.egemtv.com\/index.php?rest_route=%2Fwp%2Fv2%2Fcomments&post=25394"}],"version-history":[{"count":1,"href":"https:\/\/www.egemtv.com\/index.php?rest_route=\/wp\/v2\/posts\/25394\/revisions"}],"predecessor-version":[{"id":25396,"href":"https:\/\/www.egemtv.com\/index.php?rest_route=\/wp\/v2\/posts\/25394\/revisions\/25396"}],"wp:featuredmedia":[{"embeddable":true,"href":"https:\/\/www.egemtv.com\/index.php?rest_route=\/wp\/v2\/media\/25395"}],"wp:attachment":[{"href":"https:\/\/www.egemtv.com\/index.php?rest_route=%2Fwp%2Fv2%2Fmedia&parent=25394"}],"wp:term":[{"taxonomy":"category","embeddable":true,"href":"https:\/\/www.egemtv.com\/index.php?rest_route=%2Fwp%2Fv2%2Fcategories&post=25394"},{"taxonomy":"post_tag","embeddable":true,"href":"https:\/\/www.egemtv.com\/index.php?rest_route=%2Fwp%2Fv2%2Ftags&post=25394"}],"curies":[{"name":"wp","href":"https:\/\/api.w.org\/{rel}","templated":true}]}}