{"id":25391,"date":"2025-03-20T11:23:16","date_gmt":"2025-03-20T08:23:16","guid":{"rendered":"https:\/\/www.egemtv.com\/?p=25391"},"modified":"2025-03-20T11:23:20","modified_gmt":"2025-03-20T08:23:20","slug":"sehit-ve-gazi-aileleri-ile-kimsesiz-cocuklar-musiadin-iftar-sofrasinda-bulustu","status":"publish","type":"post","link":"https:\/\/www.egemtv.com\/?p=25391","title":{"rendered":"\u015eehit ve gazi aileleri ile kimsesiz \u00e7ocuklar M\u00dcS\u0130AD\u2019\u0131n iftar sofras\u0131nda bulu\u015ftu"},"content":{"rendered":"<p>M\u00fcstakil Sanayici ve \u0130\u015fadamlar\u0131 Derne\u011fi (M\u00dcS\u0130AD) taraf\u0131ndan ger\u00e7ekle\u015ftirilen iftar program\u0131nda, \u015fehit ve gazi aileleri, ya\u015fl\u0131lar evinde kalan b\u00fcy\u00fckler, kimsesiz \u00e7ocuklar, \u00f6\u011frenciler ve i\u015f insanlar\u0131 oru\u00e7lar\u0131n\u0131 a\u00e7t\u0131.<br \/>\n<br \/>M\u00dcS\u0130AD \u0130zmir \u015eubesi, \u015fehit ve gazi aileleri, ya\u015fl\u0131lar evinde kalan b\u00fcy\u00fckler, kimsesiz \u00e7ocuklar, \u00f6\u011frenciler ve i\u015f insanlar\u0131 i\u00e7in iftar etkinli\u011fi d\u00fczenledi. Bal\u00e7ova\u2019da bir otelde ger\u00e7ekle\u015ftirilen iftar program\u0131, T\u00fcrk Tasavvuf M\u00fczi\u011fi konseri ile ba\u015flad\u0131. Ard\u0131ndan Kuran-\u0131 Kerim Tilaveti yap\u0131ld\u0131. Ezan\u0131n okunmas\u0131yla onlarca vatanda\u015f hep birlikte orucunu a\u00e7t\u0131.<br \/>\n<br \/>Anadolu insan\u0131n\u0131n devletin her alan\u0131nda i\u015fi sahiplenmesi gerekti\u011fini s\u00f6yleyen \u0130zmir Valisi S\u00fcleyman Elban, bunun sadece b\u00fcrokrasi ve siyasette de\u011fil ayn\u0131 zamanda sivil toplum alan\u0131nda ve i\u015f d\u00fcnyas\u0131nda beklenmesi gerekti\u011fini ifade etti. Elban, &#8220;\u00c7\u00fcnk\u00fc bu k\u00fclt\u00fcr milletin hayat\u0131na y\u00f6n veren her alanda hakim olmad\u0131\u011f\u0131 s\u00fcrece bizim iddial\u0131 olmak ya da bir iddiay\u0131 ortaya koyma ihtimaliniz \u00e7ok g\u00fc\u00e7l\u00fc olmayacakt\u0131r&#8221; dedi.<br \/>\n<br \/>S\u00f6zlerini s\u00fcrd\u00fcren Elban, &#8220;\u00dclkenin olumlu anlamdaki rota de\u011fi\u015fikli\u011fi veya s\u0131n\u0131f atlamaya \u00e7al\u0131\u015ft\u0131\u011f\u0131 herhangi bir yerde, do\u011frudan milletin kar\u015f\u0131s\u0131na \u00e7\u0131kmak yerine, sivil toplum ya da i\u015f d\u00fcnyas\u0131 kurulu\u015fu ad\u0131 alt\u0131nda kendi alanlar\u0131n\u0131n \u00e7ok \u00f6tesine ge\u00e7erek h\u00fck\u00fcmetlere, b\u00fcrokrasiye ve millete ayar vermeye \u00e7al\u0131\u015f\u0131yorlar. Buna kar\u015f\u0131 durabilmek i\u00e7in ayn\u0131 enstr\u00fcmanlar\u0131 kullanmak ve bu alanda g\u00fc\u00e7l\u00fc olmam\u0131z gerekiyor&#8221; c\u00fcmlelerine yer verdi.<\/p>\n<p>&#8220;\u00c7al\u0131\u015fmalar\u0131m\u0131z\u0131 kesintisiz bir \u015fekilde s\u00fcrd\u00fcr\u00fcyoruz&#8221;<br \/>\n<br \/>M\u00dcS\u0130AD ailesi olarak geleneksel iftar program\u0131nda bir araya gelmekten mutluluk duyduklar\u0131n\u0131 s\u00f6yleyen M\u00dcS\u0130AD \u0130zmir \u015eube Ba\u015fkan\u0131 G\u00f6khan Temur, &#8220;T\u00fcrkiye Y\u00fczy\u0131l\u0131\u2019n\u0131, \u2018Ticaret Y\u00fczy\u0131l\u0131\u2019 yapma vizyonumuz do\u011frultusunda, \u00fcretimi, yat\u0131r\u0131m\u0131, istihdam\u0131 ve ihracat\u0131 merkeze alarak \u00e7al\u0131\u015fmalar\u0131m\u0131z\u0131 kesintisiz bir \u015fekilde s\u00fcrd\u00fcr\u00fcyoruz. \u00dclkemizin k\u00fcresel ticaret a\u011f\u0131n\u0131 g\u00fc\u00e7lendirmeye ve markala\u015fmaya b\u00fcy\u00fck \u00f6nem veriyoruz&#8221; diye konu\u015ftu.<\/p>\n<p>&#8220;Gazze \u0130slami bir meseledir&#8221;<br \/>\n<br \/>\u0130\u015f d\u00fcnyas\u0131 olarak temel ama\u00e7lar\u0131n\u0131n, insanl\u0131\u011fa hizmet etmek ve \u00fclke ekonomisine katk\u0131 sunmak oldu\u011funa de\u011finen Temur, &#8220;\u00c7al\u0131\u015fmalar\u0131m\u0131za ve \u00fcretmeye odaklan\u0131p, negatif, siyasi i\u00e7erikli s\u00f6ylemlerden uzak durmal\u0131y\u0131z. Biz, bu ifadeleri kulland\u0131\u011f\u0131m\u0131z zaman &#8220;Siyaset yapmayal\u0131m diyorsunuz ama sizler de her f\u0131rsatta Gazze\u2019yi konu\u015fuyorsunuz&#8221; s\u00f6ylemiyle kar\u015f\u0131la\u015f\u0131yoruz. Konu\u015fuyoruz ve konu\u015faca\u011f\u0131z. \u00c7\u00fcnk\u00fc Gazze siyasi bir konu de\u011fil, \u0130nsani, \u0130slami bir meseledir&#8221; ifadelerinde bulundu.<br \/>\n<br \/>M\u00fcbarek ramazan ay\u0131n\u0131n t\u00fcm \u0130slam alemine huzur ve bereket getirmesini dileyen M\u00dcS\u0130AD Genel Ba\u015fkan Yard\u0131mc\u0131s\u0131 Burhan \u00d6zdemir de \u015funlar\u0131 aktard\u0131:<br \/>\n<br \/>&#8220;\u0130\u015f d\u00fcnyas\u0131nda birlik ve dayan\u0131\u015fma olmadan b\u00fcy\u00fck hedeflere ula\u015fmak m\u00fcmk\u00fcn de\u011fil. Bug\u00fcn d\u00fcnyan\u0131n d\u00f6rt bir yan\u0131nda zul\u00fcm g\u00f6ren, yoksullukla m\u00fccadele eden M\u00fcsl\u00fcman karde\u015flerimiz var. Bizlere d\u00fc\u015fen g\u00f6rev, ramazan\u0131n bereketini sadece sofralar\u0131m\u0131zda de\u011fil, y\u00fcre\u011fimizde de hissetmek ve ihtiya\u00e7 sahiplerine de ula\u015fmakt\u0131r.&#8221;<\/p>\n<p>&#8220;Ter\u00f6rs\u00fcz T\u00fcrkiye hedefi do\u011frultusundaki ad\u0131mlar\u0131 destekliyoruz&#8221;<br \/>\n<br \/>&#8220;T\u00fcrkiye, siyasi ve ekonomik istikrar\u0131 yakalayan ve s\u00fcrekli b\u00fcy\u00fcyen bir \u00fclke olarak b\u00f6lgesinde g\u00fcvenli liman olmaya devam etmektedir&#8221; diyen \u00d6zdemir, \u015f\u00f6yle devam etti:<br \/>\n<br \/>&#8220;Son 20 y\u0131lda at\u0131lan b\u00fcy\u00fck yat\u0131r\u0131m ad\u0131mlar\u0131 sonu\u00e7 veriyor ve savunma sanayisinden enerjiye, sa\u011fl\u0131ktan turizme kadar \u00fclkemiz bug\u00fcn devasa hamleler ger\u00e7ekle\u015ftiriyor. Yeti\u015fmi\u015f insan g\u00fcc\u00fc, esnek \u00fcretim kapasitesi, stratejik konumu ve g\u00fc\u00e7l\u00fc lojistik altyap\u0131s\u0131yla T\u00fcrkiye b\u00fcy\u00fck bir s\u0131\u00e7rama d\u00f6neminin arifesindedir. Hep birlikte sab\u0131rl\u0131 ve kararl\u0131 olursak 85 milyon el ele vererek bu tarihi hamleleri ger\u00e7ekle\u015ftirece\u011fimize ve T\u00fcrkiye Y\u00fczy\u0131l\u0131 vizyonu hedeflerine ula\u015faca\u011f\u0131m\u0131za y\u00fcrekten inan\u0131yoruz. M\u00dcS\u0130AD olarak \u00fclkemizin tarihi misyonuna ve milli birli\u011fine sahip \u00e7\u0131karak ter\u00f6rs\u00fcz T\u00fcrkiye hedefi do\u011frultusunda at\u0131lan ad\u0131mlar\u0131 g\u00fc\u00e7l\u00fc bir \u015fekilde t\u00fcm benli\u011fimizle destekliyoruz. Cumhurba\u015fkan\u0131m\u0131z Recep Tayyip Erdo\u011fan\u2019\u0131n liderli\u011finde ba\u015flat\u0131lan bu s\u00fcrecin milletimizin huzuru ve devletimizin bekas\u0131 i\u00e7in tarihi bir f\u0131rsat oldu\u011funa inan\u0131yoruz. 40 y\u0131ld\u0131r s\u00fcren insani ve ekonomik maliyetlerin sona erdirilmesi \u00fclkemizin \u00f6n\u00fcnde yeni bir d\u00f6nemin kap\u0131lar\u0131n\u0131 aralayacakt\u0131r. Ter\u00f6rden ar\u0131nd\u0131r\u0131lm\u0131\u015f bir T\u00fcrkiye sadece g\u00fcvenli\u011fimiz i\u00e7in de\u011fil ayn\u0131 zamanda ekonomik ve sosyal kalk\u0131nmam\u0131z i\u00e7in de hayati \u00f6nem ta\u015f\u0131maktad\u0131r.&#8221;<br \/>\n<br \/>M\u00dcS\u0130AD\u2019\u0131n \u00f6nemine dikkat \u00e7eken AK Parti \u0130zmir \u0130l Ba\u015fkan\u0131 ve M\u00dcS\u0130AD Y\u00fcksek \u0130sti\u015fare Kurulu \u00dcyesi Bilal Sayg\u0131l\u0131 ise &#8220;K\u00fcresel borcun b\u00fct\u00fcn d\u00fcnyada 370 trilyon dolara geldi\u011fi bir d\u00fcnyada M\u00dcS\u0130AD\u2019\u0131n modern Ahilik sisteminin ba\u015f\u0131n\u0131 temsil etmesi, hem \u00fclkemizde hem de uluslararas\u0131 alanda \u00e7ok \u00f6nemli. Bunun bir Medine projesi oldu\u011funu unutmamam\u0131z laz\u0131m&#8221; diye vurgulad\u0131.<br \/>\n<br \/>Programa, \u0130zmir Valisi S\u00fcleyman Elban, \u0130zmir Cumhuriyet Ba\u015fsavc\u0131s\u0131 Ali Yeldan, \u0130zmir \u0130l Milli E\u011fitim M\u00fcd\u00fcr\u00fc \u00d6mer Yah\u015fi, AK Parti \u0130zmir \u0130l Ba\u015fkan\u0131 Bilal Sayg\u0131l\u0131, Milliyet\u00e7i Hareket Partisi \u0130zmir \u0130l Ba\u015fkan\u0131 Veysel \u015eahin, M\u00dcS\u0130AD \u0130zmir Ba\u015fkan\u0131 G\u00f6khan Temur, Cemar Mermer ve Traverten Genel M\u00fcd\u00fcr\u00fc Yusuf Yal\u00e7\u0131n, \u00fcniversite rekt\u00f6rleri, \u015fehit ve gazi aileleri ile \u00e7ok say\u0131da davetli kat\u0131ld\u0131.<br \/><\/p>\n","protected":false},"excerpt":{"rendered":"<p>M\u00fcstakil Sanayici ve \u0130\u015fadamlar\u0131 Derne\u011fi (M\u00dcS\u0130AD) taraf\u0131ndan ger\u00e7ekle\u015ftirilen iftar program\u0131nda, \u015fehit ve gazi aileleri, ya\u015fl\u0131lar evinde kalan b\u00fcy\u00fckler, kimsesiz \u00e7ocuklar, \u00f6\u011frenciler ve i\u015f insanlar\u0131 oru\u00e7lar\u0131n\u0131 a\u00e7t\u0131. M\u00dcS\u0130AD \u0130zmir \u015eubesi, \u015fehit ve gazi aileleri, ya\u015fl\u0131lar evinde kalan b\u00fcy\u00fckler, kimsesiz \u00e7ocuklar, \u00f6\u011frenciler ve i\u015f insanlar\u0131 i\u00e7in iftar etkinli\u011fi d\u00fczenledi. Bal\u00e7ova\u2019da bir otelde ger\u00e7ekle\u015ftirilen iftar program\u0131, T\u00fcrk Tasavvuf&#8230;<\/p>\n","protected":false},"author":1,"featured_media":25392,"comment_status":"open","ping_status":"open","sticky":false,"template":"","format":"standard","meta":{"_crdt_document":"","footnotes":""},"categories":[1],"tags":[],"class_list":["post-25391","post","type-post","status-publish","format-standard","has-post-thumbnail","hentry","category-guncel"],"_links":{"self":[{"href":"https:\/\/www.egemtv.com\/index.php?rest_route=\/wp\/v2\/posts\/25391","targetHints":{"allow":["GET"]}}],"collection":[{"href":"https:\/\/www.egemtv.com\/index.php?rest_route=\/wp\/v2\/posts"}],"about":[{"href":"https:\/\/www.egemtv.com\/index.php?rest_route=\/wp\/v2\/types\/post"}],"author":[{"embeddable":true,"href":"https:\/\/www.egemtv.com\/index.php?rest_route=\/wp\/v2\/users\/1"}],"replies":[{"embeddable":true,"href":"https:\/\/www.egemtv.com\/index.php?rest_route=%2Fwp%2Fv2%2Fcomments&post=25391"}],"version-history":[{"count":1,"href":"https:\/\/www.egemtv.com\/index.php?rest_route=\/wp\/v2\/posts\/25391\/revisions"}],"predecessor-version":[{"id":25393,"href":"https:\/\/www.egemtv.com\/index.php?rest_route=\/wp\/v2\/posts\/25391\/revisions\/25393"}],"wp:featuredmedia":[{"embeddable":true,"href":"https:\/\/www.egemtv.com\/index.php?rest_route=\/wp\/v2\/media\/25392"}],"wp:attachment":[{"href":"https:\/\/www.egemtv.com\/index.php?rest_route=%2Fwp%2Fv2%2Fmedia&parent=25391"}],"wp:term":[{"taxonomy":"category","embeddable":true,"href":"https:\/\/www.egemtv.com\/index.php?rest_route=%2Fwp%2Fv2%2Fcategories&post=25391"},{"taxonomy":"post_tag","embeddable":true,"href":"https:\/\/www.egemtv.com\/index.php?rest_route=%2Fwp%2Fv2%2Ftags&post=25391"}],"curies":[{"name":"wp","href":"https:\/\/api.w.org\/{rel}","templated":true}]}}