{"id":25388,"date":"2025-03-20T11:07:40","date_gmt":"2025-03-20T08:07:40","guid":{"rendered":"https:\/\/www.egemtv.com\/?p=25388"},"modified":"2025-03-20T11:07:41","modified_gmt":"2025-03-20T08:07:41","slug":"baskan-unlu-alkislarla-karsilandi","status":"publish","type":"post","link":"https:\/\/www.egemtv.com\/?p=25388","title":{"rendered":"Ba\u015fkan \u00dcnl\u00fc, alk\u0131\u015flarla kar\u015f\u0131land\u0131"},"content":{"rendered":"<p>Belediye personeli Marmaris Belediye Ba\u015fkan\u0131 Acar \u00dcnl\u00fc\u2019y\u00fc alk\u0131\u015flarla kar\u015f\u0131lad\u0131.<\/p>\n<p>Marmaris Belediye Ba\u015fkan\u0131 Acar \u00dcnl\u00fc, hakk\u0131nda ba\u015flat\u0131lan soru\u015fturman\u0131n ard\u0131ndan sabah saatlerinde belediye binas\u0131na geldi. Ba\u015fkan \u00dcnl\u00fc\u2019y\u00fc bekleyen belediye personeli, alk\u0131\u015flarla kar\u015f\u0131layarak desteklerini g\u00f6sterdi. Belediye personeline te\u015fekk\u00fcr eden Ba\u015fkan Acar \u00dcnl\u00fc, &#8220;\u00c7al\u0131\u015fmaya devam edece\u011fiz&#8221; dedi.<br \/><\/p>\n","protected":false},"excerpt":{"rendered":"<p>Belediye personeli Marmaris Belediye Ba\u015fkan\u0131 Acar \u00dcnl\u00fc\u2019y\u00fc alk\u0131\u015flarla kar\u015f\u0131lad\u0131. Marmaris Belediye Ba\u015fkan\u0131 Acar \u00dcnl\u00fc, hakk\u0131nda ba\u015flat\u0131lan soru\u015fturman\u0131n ard\u0131ndan sabah saatlerinde belediye binas\u0131na geldi. Ba\u015fkan \u00dcnl\u00fc\u2019y\u00fc bekleyen belediye personeli, alk\u0131\u015flarla kar\u015f\u0131layarak desteklerini g\u00f6sterdi. Belediye personeline te\u015fekk\u00fcr eden Ba\u015fkan Acar \u00dcnl\u00fc, &#8220;\u00c7al\u0131\u015fmaya devam edece\u011fiz&#8221; dedi.<\/p>\n","protected":false},"author":1,"featured_media":25389,"comment_status":"open","ping_status":"open","sticky":false,"template":"","format":"standard","meta":{"_crdt_document":"","footnotes":""},"categories":[1],"tags":[],"class_list":["post-25388","post","type-post","status-publish","format-standard","has-post-thumbnail","hentry","category-guncel"],"_links":{"self":[{"href":"https:\/\/www.egemtv.com\/index.php?rest_route=\/wp\/v2\/posts\/25388","targetHints":{"allow":["GET"]}}],"collection":[{"href":"https:\/\/www.egemtv.com\/index.php?rest_route=\/wp\/v2\/posts"}],"about":[{"href":"https:\/\/www.egemtv.com\/index.php?rest_route=\/wp\/v2\/types\/post"}],"author":[{"embeddable":true,"href":"https:\/\/www.egemtv.com\/index.php?rest_route=\/wp\/v2\/users\/1"}],"replies":[{"embeddable":true,"href":"https:\/\/www.egemtv.com\/index.php?rest_route=%2Fwp%2Fv2%2Fcomments&post=25388"}],"version-history":[{"count":1,"href":"https:\/\/www.egemtv.com\/index.php?rest_route=\/wp\/v2\/posts\/25388\/revisions"}],"predecessor-version":[{"id":25390,"href":"https:\/\/www.egemtv.com\/index.php?rest_route=\/wp\/v2\/posts\/25388\/revisions\/25390"}],"wp:featuredmedia":[{"embeddable":true,"href":"https:\/\/www.egemtv.com\/index.php?rest_route=\/wp\/v2\/media\/25389"}],"wp:attachment":[{"href":"https:\/\/www.egemtv.com\/index.php?rest_route=%2Fwp%2Fv2%2Fmedia&parent=25388"}],"wp:term":[{"taxonomy":"category","embeddable":true,"href":"https:\/\/www.egemtv.com\/index.php?rest_route=%2Fwp%2Fv2%2Fcategories&post=25388"},{"taxonomy":"post_tag","embeddable":true,"href":"https:\/\/www.egemtv.com\/index.php?rest_route=%2Fwp%2Fv2%2Ftags&post=25388"}],"curies":[{"name":"wp","href":"https:\/\/api.w.org\/{rel}","templated":true}]}}