{"id":25385,"date":"2025-03-20T10:52:07","date_gmt":"2025-03-20T07:52:07","guid":{"rendered":"https:\/\/www.egemtv.com\/?p=25385"},"modified":"2025-03-20T10:52:11","modified_gmt":"2025-03-20T07:52:11","slug":"fatma-teyzenin-yikilan-evi-yeniden-insa-ediliyor","status":"publish","type":"post","link":"https:\/\/www.egemtv.com\/?p=25385","title":{"rendered":"Fatma teyzenin y\u0131k\u0131lan evi yeniden in\u015fa ediliyor"},"content":{"rendered":"<p>Isparta merkeze ba\u011fl\u0131 Direkli k\u00f6y\u00fcnde yaln\u0131z ya\u015fayan 64 ya\u015f\u0131ndaki Fatma Sel\u2019in eski kerpi\u00e7 evi kendili\u011finden y\u0131k\u0131ld\u0131. Isparta Belediye Ba\u015fkan\u0131 \u015e\u00fckr\u00fc Ba\u015fde\u011firmen\u2019in talimatlar\u0131yla Fatma Sel\u2019e yeniden bir ev in\u015fa edilmesi amac\u0131yla briket ve malzeme deste\u011finde bulunuldu.<br \/>\n<br \/>Merkeze ba\u011fl\u0131 Direkli k\u00f6y\u00fcnde yaln\u0131z ya\u015fayan Fatma Sel\u2019in eski kerpi\u00e7 evinin duvarlar\u0131 yakla\u015f\u0131k 3 ay \u00f6nce g\u00f6\u00e7t\u00fc. Kullan\u0131lamaz hale gelen ev tamamen y\u0131k\u0131l\u0131rken, Fatma Sel karde\u015finin evinde ya\u015famaya ba\u015flad\u0131. Belediye Ba\u015fkan\u0131 \u015e\u00fckr\u00fc Ba\u015fde\u011firmen, durumu \u00f6\u011frenir \u00f6\u011frenmez Fatma Sel\u2019e yeni bir ev yap\u0131lmas\u0131 i\u00e7in malzeme deste\u011finde bulunulmas\u0131 talimat\u0131n\u0131 verdi. Isparta Belediyesi, yeni evin in\u015fas\u0131 i\u00e7in briket ve malzeme deste\u011finde bulunurken, Fatma Sel\u2019in akrabalar\u0131 ve k\u00f6y halk\u0131 taraf\u0131ndan evin in\u015faat \u00e7al\u0131\u015fmalar\u0131 ba\u015flad\u0131. K\u00f6y halk\u0131 imece usul\u00fcyle evin in\u015faat \u00e7al\u0131\u015fmalar\u0131n\u0131 s\u00fcrd\u00fcr\u00fcyor.<br \/>\n<br \/>Fatma Sel, eski kerpi\u00e7 evinin duvarlar\u0131n\u0131n g\u00f6\u00e7t\u00fc\u011f\u00fcn\u00fc, tadilat\u0131n\u0131n m\u00fcmk\u00fcn olmamas\u0131 dolay\u0131s\u0131yla tamamen y\u0131k\u0131ld\u0131\u011f\u0131n\u0131 s\u00f6yledi. Yeni ev yap\u0131m\u0131 i\u00e7in Belediye Ba\u015fkan\u0131 \u015e\u00fckr\u00fc Ba\u015fde\u011firmen\u2019in briket ve malzeme deste\u011finde bulundu\u011funu dile getiren Sel, &#8220;Ba\u015fkan\u0131m\u0131zdan Allah raz\u0131 olsun, ne istesek veriyor. Karde\u015flerimle yeni evi yap\u0131yoruz&#8221; dedi.<br \/>\n<br \/>Direkli K\u00f6y\u00fc Muhtar\u0131 Hasan Erkek ise Fatma Sel\u2019in eski kerpi\u00e7 evinin 3 ay \u00f6nce y\u0131k\u0131ld\u0131\u011f\u0131n\u0131 dile getirdi. Muhtar Erkek, &#8220;Fatma teyze beni \u00e7a\u011f\u0131rd\u0131 \u2018ne yapaca\u011f\u0131z? diye sordu. Teyzemize \u2018Arkam\u0131zda \u015e\u00fckr\u00fc ba\u015fkan\u0131m\u0131z oldu\u011fu s\u00fcrece Allah\u2019\u0131n izniyle korkma\u2019 dedim. Ba\u015fkan\u0131m\u0131z, Belediye Ba\u015fkan Yard\u0131mc\u0131s\u0131 Serkan Bey\u2019i g\u00f6nderdi. Kendisi bakt\u0131, inceledi ve briketlerimizi g\u00f6nderdi. Biz \u015e\u00fckr\u00fc Ba\u015fkan\u0131m\u0131zdan raz\u0131y\u0131z, Allah raz\u0131 olsun. K\u00f6y\u00fcm\u00fcz\u00fc Isparta\u2019n\u0131n mahallesinden ay\u0131rt etmiyorlar&#8221; ifadelerinde bulundu.<br \/><\/p>\n","protected":false},"excerpt":{"rendered":"<p>Isparta merkeze ba\u011fl\u0131 Direkli k\u00f6y\u00fcnde yaln\u0131z ya\u015fayan 64 ya\u015f\u0131ndaki Fatma Sel\u2019in eski kerpi\u00e7 evi kendili\u011finden y\u0131k\u0131ld\u0131. Isparta Belediye Ba\u015fkan\u0131 \u015e\u00fckr\u00fc Ba\u015fde\u011firmen\u2019in talimatlar\u0131yla Fatma Sel\u2019e yeniden bir ev in\u015fa edilmesi amac\u0131yla briket ve malzeme deste\u011finde bulunuldu. Merkeze ba\u011fl\u0131 Direkli k\u00f6y\u00fcnde yaln\u0131z ya\u015fayan Fatma Sel\u2019in eski kerpi\u00e7 evinin duvarlar\u0131 yakla\u015f\u0131k 3 ay \u00f6nce g\u00f6\u00e7t\u00fc. Kullan\u0131lamaz hale gelen&#8230;<\/p>\n","protected":false},"author":1,"featured_media":25386,"comment_status":"open","ping_status":"open","sticky":false,"template":"","format":"standard","meta":{"_crdt_document":"","footnotes":""},"categories":[123],"tags":[],"class_list":["post-25385","post","type-post","status-publish","format-standard","has-post-thumbnail","hentry","category-gundem"],"_links":{"self":[{"href":"https:\/\/www.egemtv.com\/index.php?rest_route=\/wp\/v2\/posts\/25385","targetHints":{"allow":["GET"]}}],"collection":[{"href":"https:\/\/www.egemtv.com\/index.php?rest_route=\/wp\/v2\/posts"}],"about":[{"href":"https:\/\/www.egemtv.com\/index.php?rest_route=\/wp\/v2\/types\/post"}],"author":[{"embeddable":true,"href":"https:\/\/www.egemtv.com\/index.php?rest_route=\/wp\/v2\/users\/1"}],"replies":[{"embeddable":true,"href":"https:\/\/www.egemtv.com\/index.php?rest_route=%2Fwp%2Fv2%2Fcomments&post=25385"}],"version-history":[{"count":1,"href":"https:\/\/www.egemtv.com\/index.php?rest_route=\/wp\/v2\/posts\/25385\/revisions"}],"predecessor-version":[{"id":25387,"href":"https:\/\/www.egemtv.com\/index.php?rest_route=\/wp\/v2\/posts\/25385\/revisions\/25387"}],"wp:featuredmedia":[{"embeddable":true,"href":"https:\/\/www.egemtv.com\/index.php?rest_route=\/wp\/v2\/media\/25386"}],"wp:attachment":[{"href":"https:\/\/www.egemtv.com\/index.php?rest_route=%2Fwp%2Fv2%2Fmedia&parent=25385"}],"wp:term":[{"taxonomy":"category","embeddable":true,"href":"https:\/\/www.egemtv.com\/index.php?rest_route=%2Fwp%2Fv2%2Fcategories&post=25385"},{"taxonomy":"post_tag","embeddable":true,"href":"https:\/\/www.egemtv.com\/index.php?rest_route=%2Fwp%2Fv2%2Ftags&post=25385"}],"curies":[{"name":"wp","href":"https:\/\/api.w.org\/{rel}","templated":true}]}}