{"id":25382,"date":"2025-03-20T10:52:02","date_gmt":"2025-03-20T07:52:02","guid":{"rendered":"https:\/\/www.egemtv.com\/?p=25382"},"modified":"2025-03-20T10:52:07","modified_gmt":"2025-03-20T07:52:07","slug":"dunyanin-gozu-izmirde-olacak-9-nisanda-aciliyor","status":"publish","type":"post","link":"https:\/\/www.egemtv.com\/?p=25382","title":{"rendered":"D\u00fcnyan\u0131n g\u00f6z\u00fc \u0130zmir\u2019de olacak, 9 Nisan\u2019da a\u00e7\u0131l\u0131yor"},"content":{"rendered":"<p>Do\u011falta\u015f sekt\u00f6r\u00fcn\u00fcn en b\u00fcy\u00fck k\u00fcresel bulu\u015fmas\u0131 MARBLE \u0130ZM\u0130R-Uluslararas\u0131 Do\u011falta\u015f ve Teknolojileri Fuar\u0131 i\u00e7in geri say\u0131m ba\u015flad\u0131. Sekt\u00f6r 9-12 Nisan 2025 tarihleri aras\u0131nda Fuar \u0130zmir\u2019de bir araya gelecek. 30. y\u0131la \u00f6zel etkinliklerin de yer alaca\u011f\u0131 fuar d\u00fcnyan\u0131n d\u00f6rt bir yan\u0131ndan kat\u0131l\u0131mc\u0131 ve ziyaret\u00e7iyi a\u011f\u0131rlayacak.<br \/>\n<br \/>Do\u011falta\u015f sekt\u00f6r\u00fcnde d\u00fcnyan\u0131n en b\u00fcy\u00fck fuarlar\u0131ndan biri olan, MARBLE \u0130ZM\u0130R &#8211; Uluslararas\u0131 Do\u011falta\u015f ve Teknolojileri Fuar\u0131 9 &#8211; 12 Nisan\u2019da Fuar \u0130zmir\u2019de kap\u0131lar\u0131n\u0131 30. kez a\u00e7acak.  Fuar sa\u011flad\u0131\u011f\u0131 ticaret hacmiyle bu y\u0131l da sekt\u00f6re umut olmaya devam edecek. MARBLE \u0130ZM\u0130R\u2019de t\u00fcm do\u011fal ta\u015f firmalar\u0131 Fuar \u0130zmir\u2019in kapal\u0131 hollerinde yer alacak. C hol\u00fcn\u00fcn b\u00fcy\u00fck bir k\u0131sm\u0131 ile D hol\u00fcn\u00fcn tamam\u0131 ise makine ve teknoloji firmalar\u0131na tahsis edildi. Blok mermer alan\u0131 da ge\u00e7ti\u011fimiz y\u0131l oldu\u011fu gibi renk renk, \u00e7e\u015fit \u00e7e\u015fit y\u00fczlerce blok do\u011fal ta\u015f\u0131n sergileme alan\u0131 olacak.<\/p>\n<p>MARBLE \u0130ZM\u0130R\u2019in 30 y\u0131ll\u0131k yolculu\u011fu<br \/>\n<br \/>1989 y\u0131l\u0131nda K\u00fclt\u00fcrpark\u2019ta, \u0130zmir Enternasyonal Fuar\u0131 i\u00e7inde ilk defa \u00fcniversite sanayi i\u015f birli\u011fi ile &#8220;\u0130zmir Mermer G\u00fcnleri 89&#8221; ad\u0131yla temelleri at\u0131lan MARBLE \u0130ZM\u0130R, 1995 y\u0131l\u0131nda ilk kez fuar olarak d\u00fczenlendi. \u0130zmir fuarc\u0131l\u0131\u011f\u0131na b\u00fcy\u00fck katk\u0131lar\u0131 olan K\u00fclt\u00fcrpark\u2019ta 1995\u2019te yolculu\u011funa ba\u015flayan Marble \u0130zmir Fuar\u0131, 30 y\u0131ll\u0131k b\u00fcy\u00fcmesinin gururunu ya\u015f\u0131yor. 47 kat\u0131l\u0131mc\u0131s\u0131 ve toplamda 4 bin 719 ziyaret\u00e7isiyle ser\u00fcvenine ba\u015flayan T\u00fcrkiye\u2019nin en b\u00fcy\u00fck ihtisas fuar\u0131 MARBLE \u0130ZM\u0130R, aradan ge\u00e7en 30 y\u0131lda Fuar \u0130zmir\u2019in de in\u015fas\u0131 ile birlikte vites y\u00fckseltti. Y\u0131llar i\u00e7inde uluslararas\u0131 \u00e7apta sayg\u0131n bir fuar haline gelen ve d\u00fcnyan\u0131n say\u0131l\u0131 do\u011fal ta\u015f fuarlar\u0131ndan biri haline gelen MARBLE \u0130ZM\u0130R, bug\u00fcn binden fazla kat\u0131l\u0131mc\u0131y\u0131 ve 100\u2019den fazla \u00fclkeden on binlerce profesyonel ziyaret\u00e7iyi a\u011f\u0131rl\u0131yor. Fuar, yaln\u0131zca d\u00fcnyadaki do\u011fal ta\u015f rezervlerinin \u00fc\u00e7te birine sahip \u00fclkemizin do\u011fal ta\u015f\u0131n\u0131n tan\u0131t\u0131lmas\u0131 ve pazarlanmas\u0131n\u0131 de\u011fil, ayn\u0131 zamanda sekt\u00f6rdeki son teknolojik geli\u015fmelerin ve yeniliklerin de sergilenmesini sa\u011fl\u0131yor. Maden ocaklar\u0131ndan nihai \u00fcr\u00fcnlere kadar uzanan geni\u015f bir yelpazede, do\u011fal ta\u015f\u0131n farkl\u0131 kullan\u0131m alanlar\u0131 ve yeni trendleri fuarda g\u00f6r\u00fclebiliyor.<\/p>\n<p>30. y\u0131la \u00f6zel etkinlikler<br \/>\n<br \/>30\u2019uncu y\u0131l\u0131na \u00f6zel olarak farkl\u0131 etkinliklerle ta\u00e7land\u0131r\u0131lacak olan MARBLE \u0130ZM\u0130R Fuar\u0131, do\u011fal ta\u015f sekt\u00f6r\u00fcne y\u00f6n veren isimleri, \u00fcniversiteleri, mimarlar\u0131, tasar\u0131mc\u0131lar\u0131 ve sanayicileri de bir araya getirecek. Fuarda, sekt\u00f6rdeki son teknolojik geli\u015fmeler, s\u00fcrd\u00fcr\u00fclebilir madencilik uygulamalar\u0131 ve dijitalle\u015fme s\u00fcre\u00e7leri ele al\u0131nacak. &#8220;Mermerde Otorite&#8221; temas\u0131 alt\u0131nda d\u00fczenlenecek etkinlikler aras\u0131nda sekt\u00f6r panelleri, B2B g\u00f6r\u00fc\u015fmeler, tasar\u0131m sergileri ve \u00e7e\u015fitli seminerler yer alacak.<\/p>\n<p>Al\u0131m heyetleri d\u00fczenlenecek<br \/>\n<br \/>MARBLE \u0130ZM\u0130R i\u00e7in Amerika Birle\u015fik Devletleri, Orta Do\u011fu, Asya ve Avrupa b\u00f6lgelerindeki ticari ata\u015feliklerle i\u015f birlikleri yap\u0131l\u0131rken fuara d\u00fcnyan\u0131n d\u00f6rt bir yan\u0131ndan kat\u0131l\u0131mc\u0131lar ve ziyaret\u00e7iler bekleniyor. Ayr\u0131ca Ticaret Bakanl\u0131\u011f\u0131\u2019n\u0131n ihracata y\u00f6nelik destekleri ve sekt\u00f6rdeki birliklerle ortak y\u00fcr\u00fct\u00fclen al\u0131m heyeti programlar\u0131 da d\u00fczenlenecek. Bu programlar kapsam\u0131nda hedef \u00fclke olarak belirlenen \u00c7in, Hindistan, M\u0131s\u0131r, Rusya, Birle\u015fik Krall\u0131k, Suudi Arabistan, Birle\u015fik Arap Emirlikleri, Kuveyt ve Irak\u2019tan y\u00fczlerce yabanc\u0131 profesyonel al\u0131c\u0131 a\u011f\u0131rlanacak. Fuar s\u00fcresince d\u00fczenlenecek B2B g\u00f6r\u00fc\u015fme programlar\u0131yla kat\u0131l\u0131mc\u0131 firmalar\u0131n al\u0131c\u0131larla h\u0131zl\u0131 ve etkili bi\u00e7imde g\u00f6r\u00fc\u015fmesi sa\u011flanacak. Web sayfas\u0131 \u00fczerinden ABD\u2019den \u00c7in\u2019e kadar d\u00fcnyan\u0131n her k\u0131tas\u0131ndaki \u00fclkeden yabanc\u0131 ziyaret\u00e7i ba\u015fvuru kayd\u0131 da al\u0131nd\u0131.<\/p>\n<p>\u0130zmir\u2019de MARBLE bereketi ya\u015fanacak<br \/>\n<br \/>MARBLE \u0130ZM\u0130R; sekt\u00f6re ve yan sekt\u00f6rlerine, ihracata, istihdama katk\u0131 sa\u011flamas\u0131n\u0131n yan\u0131 s\u0131ra \u00f6nceki y\u0131llarda oldu\u011fu gibi bu y\u0131l da turizmden konaklamaya, ula\u015f\u0131mdan yiyecek i\u00e7ecek sekt\u00f6r\u00fcne kadar bir\u00e7ok alanda kent ve \u00fclke ekonomisine de pozitif etki sa\u011flayacak. Fuar nedeniyle kente gelecek yerli, yabanc\u0131 kat\u0131l\u0131mc\u0131 ve ziyaret\u00e7iler, \u0130zmir\u2019de MARBLE bereketini hissettirecek.<\/p>\n<p>7. Uluslararas\u0131 De\u011fi\u015fik Do\u011fal Ta\u015f Tasar\u0131m Yar\u0131\u015fmas\u0131<br \/>\n<br \/>MARBLE \u0130ZM\u0130R kapsam\u0131nda, bu y\u0131l 7. Uluslararas\u0131 De\u011fi\u015fik Do\u011fal Ta\u015f Tasar\u0131m Yar\u0131\u015fmas\u0131 da ger\u00e7ekle\u015fiyor. Gen\u00e7 tasar\u0131mc\u0131lar\u0131n sekt\u00f6re kazand\u0131r\u0131lmas\u0131n\u0131 ama\u00e7layan bu yar\u0131\u015fman\u0131n bu y\u0131lki temas\u0131 mobilya olarak belirlendi. Yar\u0131\u015fmaya 12 \u00fclkedeki 66 \u00fcniversiteden, toplam 892 ba\u015fvuru yap\u0131ld\u0131. Se\u00e7ilen 25 tasar\u0131m, \u00fcretime ge\u00e7ecek, b\u00f6ylece do\u011fal ta\u015ftan \u00fcretilen mobilyalar konusunda yenilik\u00e7i yakla\u015f\u0131mlar hayata ge\u00e7irilmi\u015f olacak.  Dereceye giren tasar\u0131mc\u0131lara 600 bin TL \u00f6d\u00fcl da\u011f\u0131t\u0131lacak.<\/p>\n<p>T\u00fcrkiye\u2019nin do\u011fal ta\u015f ihracat\u0131ndaki rol\u00fc<br \/>\n<br \/>MARBLE \u0130ZM\u0130R\u2019de; sekt\u00f6r temsilcilerinden gelen talepler \u00fczerine al\u0131nan karar do\u011frultusunda, yaln\u0131zca do\u011fal ta\u015f ve do\u011fal ta\u015f \u00fcr\u00fcnleri ile makine ve teknolojileri sergilenmeye devam edecek. 1998 y\u0131l\u0131ndan bu yana Uluslararas\u0131 Fuarlar Birli\u011fi (UFI) \u00fcyesi de olan MARBLE \u0130ZM\u0130R, T\u00fcrk do\u011fal ta\u015f\u0131n\u0131n d\u00fcnyaya a\u00e7\u0131larak pazar pay\u0131n\u0131 art\u0131rmas\u0131 ve yeni pazarlara ula\u015f\u0131lmas\u0131 a\u00e7\u0131s\u0131ndan b\u00fcy\u00fck \u00f6nem ta\u015f\u0131yor. MARBLE \u0130ZM\u0130R\u2019in ilk y\u0131l\u0131nda T\u00fcrkiye\u2019nin do\u011fal ta\u015f ihracat\u0131 77 milyon dolarken y\u0131llar i\u00e7inde fuar\u0131n da katk\u0131s\u0131 ile ihracat ge\u00e7ti\u011fimiz y\u0131l 1,88 milyar dolar\u0131 a\u015ft\u0131. Sekt\u00f6r fuar\u0131, fuar da sekt\u00f6r\u00fc b\u00fcy\u00fctt\u00fc ve MARBLE \u0130ZM\u0130R, y\u0131llar i\u00e7inde do\u011fal ta\u015f ihracat\u0131n\u0131n can damar\u0131 haline geldi. T\u00fcrkiye\u2019nin do\u011fal ta\u015f sekt\u00f6r\u00fcnde d\u00fcnya rezervlerinin \u00fc\u00e7te birine sahip olma avantaj\u0131 yan\u0131nda, renk ve desen zenginli\u011fine de sahip olmas\u0131n\u0131n da etkisiyle son 10 y\u0131lda, do\u011fal ta\u015f ihracat\u0131, T\u00fcrkiye ekonomisine yakla\u015f\u0131k 20 milyar dolarl\u0131k katk\u0131 sa\u011flad\u0131. Fuar, \u00f6zellikle T\u00fcrkiye\u2019nin do\u011fal ta\u015fta en fazla ihracat yapt\u0131\u011f\u0131 \u00fclkeler olan \u00c7in, Hindistan, ABD ba\u015fta olmak \u00fczere Avrupa ve Orta Do\u011fu\u2019dan da al\u0131c\u0131lar\u0131 bir araya getirerek yeni ticari i\u015f birliklerine kap\u0131 aral\u0131yor. \u00c7in, \u00f6zellikle blok mermer ihracat\u0131nda birinci s\u0131radaki yerini koruyor. Ge\u00e7ti\u011fimiz y\u0131l da \u00c7in\u2019e, \u00fclkemizin toplam blok ta\u015f ihracat\u0131n\u0131n y\u00fczde 63,7\u2019lik k\u0131sm\u0131n\u0131 olu\u015fturan 388 milyon 463 bin dolarl\u0131k blok do\u011fal ta\u015f ihracat\u0131 ger\u00e7ekle\u015ftirildi.<br \/><\/p>\n","protected":false},"excerpt":{"rendered":"<p>Do\u011falta\u015f sekt\u00f6r\u00fcn\u00fcn en b\u00fcy\u00fck k\u00fcresel bulu\u015fmas\u0131 MARBLE \u0130ZM\u0130R-Uluslararas\u0131 Do\u011falta\u015f ve Teknolojileri Fuar\u0131 i\u00e7in geri say\u0131m ba\u015flad\u0131. Sekt\u00f6r 9-12 Nisan 2025 tarihleri aras\u0131nda Fuar \u0130zmir\u2019de bir araya gelecek. 30. y\u0131la \u00f6zel etkinliklerin de yer alaca\u011f\u0131 fuar d\u00fcnyan\u0131n d\u00f6rt bir yan\u0131ndan kat\u0131l\u0131mc\u0131 ve ziyaret\u00e7iyi a\u011f\u0131rlayacak. Do\u011falta\u015f sekt\u00f6r\u00fcnde d\u00fcnyan\u0131n en b\u00fcy\u00fck fuarlar\u0131ndan biri olan, MARBLE \u0130ZM\u0130R &#8211; Uluslararas\u0131&#8230;<\/p>\n","protected":false},"author":1,"featured_media":25383,"comment_status":"open","ping_status":"open","sticky":false,"template":"","format":"standard","meta":{"_crdt_document":"","footnotes":""},"categories":[125],"tags":[],"class_list":["post-25382","post","type-post","status-publish","format-standard","has-post-thumbnail","hentry","category-ekonomi"],"_links":{"self":[{"href":"https:\/\/www.egemtv.com\/index.php?rest_route=\/wp\/v2\/posts\/25382","targetHints":{"allow":["GET"]}}],"collection":[{"href":"https:\/\/www.egemtv.com\/index.php?rest_route=\/wp\/v2\/posts"}],"about":[{"href":"https:\/\/www.egemtv.com\/index.php?rest_route=\/wp\/v2\/types\/post"}],"author":[{"embeddable":true,"href":"https:\/\/www.egemtv.com\/index.php?rest_route=\/wp\/v2\/users\/1"}],"replies":[{"embeddable":true,"href":"https:\/\/www.egemtv.com\/index.php?rest_route=%2Fwp%2Fv2%2Fcomments&post=25382"}],"version-history":[{"count":1,"href":"https:\/\/www.egemtv.com\/index.php?rest_route=\/wp\/v2\/posts\/25382\/revisions"}],"predecessor-version":[{"id":25384,"href":"https:\/\/www.egemtv.com\/index.php?rest_route=\/wp\/v2\/posts\/25382\/revisions\/25384"}],"wp:featuredmedia":[{"embeddable":true,"href":"https:\/\/www.egemtv.com\/index.php?rest_route=\/wp\/v2\/media\/25383"}],"wp:attachment":[{"href":"https:\/\/www.egemtv.com\/index.php?rest_route=%2Fwp%2Fv2%2Fmedia&parent=25382"}],"wp:term":[{"taxonomy":"category","embeddable":true,"href":"https:\/\/www.egemtv.com\/index.php?rest_route=%2Fwp%2Fv2%2Fcategories&post=25382"},{"taxonomy":"post_tag","embeddable":true,"href":"https:\/\/www.egemtv.com\/index.php?rest_route=%2Fwp%2Fv2%2Ftags&post=25382"}],"curies":[{"name":"wp","href":"https:\/\/api.w.org\/{rel}","templated":true}]}}