{"id":25379,"date":"2025-03-20T10:51:58","date_gmt":"2025-03-20T07:51:58","guid":{"rendered":"https:\/\/www.egemtv.com\/?p=25379"},"modified":"2025-03-20T10:52:02","modified_gmt":"2025-03-20T07:52:02","slug":"manisa-sehir-hastanesinden-102-teyzeye-ziyaret","status":"publish","type":"post","link":"https:\/\/www.egemtv.com\/?p=25379","title":{"rendered":"Manisa \u015eehir Hastanesinden 102 teyzeye ziyaret"},"content":{"rendered":"<p>Manisa \u015eehir Hastanesi y\u00f6netimi, Ya\u015fl\u0131lar Haftas\u0131 dolay\u0131s\u0131yla 102 ya\u015f\u0131ndaki \u015eefika Kan\u0131temiz\u2019i ziyaret ederek hayat hikayesiyle duygu dolu anlar ya\u015fad\u0131.<br \/>\n<br \/>Manisa \u015eehir Hastanesi Ba\u015fhekim Yard\u0131mc\u0131s\u0131 Uzm. Dr. Eda \u00c7ak\u0131ro\u011flu Aldemir, Sa\u011fl\u0131k Bak\u0131m Hizmetleri M\u00fcd\u00fcr\u00fc Serda Kamal\u0131 G\u00fcner, Geriatri Hekimi Do\u00e7. Dr. Saadet Ko\u00e7, Gerontolog Seyida \u0130lyas ve Evde Sa\u011fl\u0131k Hekimi Uzm. Dr. G\u00f6zde U\u011fur ve evde sa\u011fl\u0131k ekibi ile birlikte, Ya\u015fl\u0131lar Haftas\u0131 kapsam\u0131nda 102 ya\u015f\u0131ndaki \u015eefika Kan\u0131temiz\u2019i ziyaret etti. 102\u2019lik \u015eefika Kan\u0131temiz\u2019e \u00e7i\u00e7ek takdim eden Manisa \u015eehir Hastanesi y\u00f6netimi Kan\u0131temiz\u2019in hayat hikayesini dinleyerek duygu dolu anlar ya\u015fad\u0131.<br \/>\n<br \/>Kan\u0131temiz\u2019le sohbet eden hastane y\u00f6netimi genel sa\u011fl\u0131k durumu hakk\u0131nda bilgi almay\u0131 da ihmal etmedi. Moralinin iyi olup olmad\u0131\u011f\u0131n\u0131 soran hastane y\u00f6netimi, Kan\u0131temiz\u2019i genel bir muayenesinden ge\u00e7irdi.<br \/><\/p>\n","protected":false},"excerpt":{"rendered":"<p>Manisa \u015eehir Hastanesi y\u00f6netimi, Ya\u015fl\u0131lar Haftas\u0131 dolay\u0131s\u0131yla 102 ya\u015f\u0131ndaki \u015eefika Kan\u0131temiz\u2019i ziyaret ederek hayat hikayesiyle duygu dolu anlar ya\u015fad\u0131. Manisa \u015eehir Hastanesi Ba\u015fhekim Yard\u0131mc\u0131s\u0131 Uzm. Dr. Eda \u00c7ak\u0131ro\u011flu Aldemir, Sa\u011fl\u0131k Bak\u0131m Hizmetleri M\u00fcd\u00fcr\u00fc Serda Kamal\u0131 G\u00fcner, Geriatri Hekimi Do\u00e7. Dr. Saadet Ko\u00e7, Gerontolog Seyida \u0130lyas ve Evde Sa\u011fl\u0131k Hekimi Uzm. Dr. G\u00f6zde U\u011fur ve evde&#8230;<\/p>\n","protected":false},"author":1,"featured_media":25380,"comment_status":"open","ping_status":"open","sticky":false,"template":"","format":"standard","meta":{"_crdt_document":"","footnotes":""},"categories":[2],"tags":[],"class_list":["post-25379","post","type-post","status-publish","format-standard","has-post-thumbnail","hentry","category-saglik"],"_links":{"self":[{"href":"https:\/\/www.egemtv.com\/index.php?rest_route=\/wp\/v2\/posts\/25379","targetHints":{"allow":["GET"]}}],"collection":[{"href":"https:\/\/www.egemtv.com\/index.php?rest_route=\/wp\/v2\/posts"}],"about":[{"href":"https:\/\/www.egemtv.com\/index.php?rest_route=\/wp\/v2\/types\/post"}],"author":[{"embeddable":true,"href":"https:\/\/www.egemtv.com\/index.php?rest_route=\/wp\/v2\/users\/1"}],"replies":[{"embeddable":true,"href":"https:\/\/www.egemtv.com\/index.php?rest_route=%2Fwp%2Fv2%2Fcomments&post=25379"}],"version-history":[{"count":1,"href":"https:\/\/www.egemtv.com\/index.php?rest_route=\/wp\/v2\/posts\/25379\/revisions"}],"predecessor-version":[{"id":25381,"href":"https:\/\/www.egemtv.com\/index.php?rest_route=\/wp\/v2\/posts\/25379\/revisions\/25381"}],"wp:featuredmedia":[{"embeddable":true,"href":"https:\/\/www.egemtv.com\/index.php?rest_route=\/wp\/v2\/media\/25380"}],"wp:attachment":[{"href":"https:\/\/www.egemtv.com\/index.php?rest_route=%2Fwp%2Fv2%2Fmedia&parent=25379"}],"wp:term":[{"taxonomy":"category","embeddable":true,"href":"https:\/\/www.egemtv.com\/index.php?rest_route=%2Fwp%2Fv2%2Fcategories&post=25379"},{"taxonomy":"post_tag","embeddable":true,"href":"https:\/\/www.egemtv.com\/index.php?rest_route=%2Fwp%2Fv2%2Ftags&post=25379"}],"curies":[{"name":"wp","href":"https:\/\/api.w.org\/{rel}","templated":true}]}}