{"id":25376,"date":"2025-03-20T10:51:53","date_gmt":"2025-03-20T07:51:53","guid":{"rendered":"https:\/\/www.egemtv.com\/?p=25376"},"modified":"2025-03-20T10:51:58","modified_gmt":"2025-03-20T07:51:58","slug":"muglada-okul-sporlari-bilek-guresi-grup-birinciligi-tamamlandi","status":"publish","type":"post","link":"https:\/\/www.egemtv.com\/?p=25376","title":{"rendered":"Mu\u011fla\u2019da okul sporlar\u0131 bilek g\u00fcre\u015fi grup birincili\u011fi tamamland\u0131"},"content":{"rendered":"<p>Mu\u011fla Gen\u00e7lik ve Spor \u0130l M\u00fcd\u00fcrl\u00fc\u011f\u00fc taraf\u0131ndan organize edilen Okul Sporlar\u0131 Gen\u00e7 B K\u0131zlar ve Erkekler Bilek G\u00fcre\u015fi Grup Birincili\u011fi, Mente\u015fe Spor Salonu\u2019nda ger\u00e7ekle\u015ftirilen m\u00fcsabakalar\u0131n ard\u0131ndan sona erdi. 11 ilden 250 sporcunun kat\u0131ld\u0131\u011f\u0131 organizasyonda gen\u00e7 sporcular, T\u00fcrkiye \u015eampiyonas\u0131\u2019na kat\u0131lma hakk\u0131 kazanmak i\u00e7in k\u0131yas\u0131ya m\u00fccadele etti.<\/p>\n<p>&#8220;Mu\u011flal\u0131 sporculardan ba\u015far\u0131l\u0131 performans&#8221;<br \/>\n<br \/>Turnuvada Mu\u011fla\u2019y\u0131 temsil eden sporcular da \u00fcst\u00fcn performanslar\u0131yla dikkat \u00e7ekti. Mu\u011flal\u0131 sporcu \u0130brahim Arkal\u0131\u00e7, 45 kg sol kolda birinci, sa\u011f kolda ise ikinci olarak b\u00fcy\u00fck bir ba\u015far\u0131ya imza att\u0131.<\/p>\n<p>Mu\u011fla Gen\u00e7lik ve Spor \u0130l M\u00fcd\u00fcrl\u00fc\u011f\u00fc, organizasyonun ba\u015far\u0131l\u0131 bir \u015fekilde tamamland\u0131\u011f\u0131n\u0131 belirterek \u015fu a\u00e7\u0131klamay\u0131 yapt\u0131: &#8220;Bu \u00f6nemli organizasyona ev sahipli\u011fi yapmaktan gurur duyduk. Sporcular\u0131m\u0131z\u0131n g\u00f6sterdi\u011fi azim ve m\u00fccadele, bilek g\u00fcre\u015finin gelece\u011fi a\u00e7\u0131s\u0131ndan umut verici. Turnuvada dereceye giren ba\u015fta Mu\u011flal\u0131 sporcumuz \u0130brahim Arkal\u0131\u00e7 ve t\u00fcm sporcular\u0131m\u0131z\u0131 tebrik ediyor, T\u00fcrkiye \u015eampiyonas\u0131\u2019nda ba\u015far\u0131lar diliyoruz&#8221; ifadesini kulland\u0131.<\/p>\n<p>Grup m\u00fcsabakalar\u0131nda dereceye giren sporcular, T\u00fcrkiye \u015eampiyonas\u0131\u2019nda m\u00fccadele etme hakk\u0131 kazand\u0131.<br \/><\/p>\n","protected":false},"excerpt":{"rendered":"<p>Mu\u011fla Gen\u00e7lik ve Spor \u0130l M\u00fcd\u00fcrl\u00fc\u011f\u00fc taraf\u0131ndan organize edilen Okul Sporlar\u0131 Gen\u00e7 B K\u0131zlar ve Erkekler Bilek G\u00fcre\u015fi Grup Birincili\u011fi, Mente\u015fe Spor Salonu\u2019nda ger\u00e7ekle\u015ftirilen m\u00fcsabakalar\u0131n ard\u0131ndan sona erdi. 11 ilden 250 sporcunun kat\u0131ld\u0131\u011f\u0131 organizasyonda gen\u00e7 sporcular, T\u00fcrkiye \u015eampiyonas\u0131\u2019na kat\u0131lma hakk\u0131 kazanmak i\u00e7in k\u0131yas\u0131ya m\u00fccadele etti. &#8220;Mu\u011flal\u0131 sporculardan ba\u015far\u0131l\u0131 performans&#8221; Turnuvada Mu\u011fla\u2019y\u0131 temsil eden sporcular da&#8230;<\/p>\n","protected":false},"author":1,"featured_media":25377,"comment_status":"open","ping_status":"open","sticky":false,"template":"","format":"standard","meta":{"_crdt_document":"","footnotes":""},"categories":[4],"tags":[],"class_list":["post-25376","post","type-post","status-publish","format-standard","has-post-thumbnail","hentry","category-spor"],"_links":{"self":[{"href":"https:\/\/www.egemtv.com\/index.php?rest_route=\/wp\/v2\/posts\/25376","targetHints":{"allow":["GET"]}}],"collection":[{"href":"https:\/\/www.egemtv.com\/index.php?rest_route=\/wp\/v2\/posts"}],"about":[{"href":"https:\/\/www.egemtv.com\/index.php?rest_route=\/wp\/v2\/types\/post"}],"author":[{"embeddable":true,"href":"https:\/\/www.egemtv.com\/index.php?rest_route=\/wp\/v2\/users\/1"}],"replies":[{"embeddable":true,"href":"https:\/\/www.egemtv.com\/index.php?rest_route=%2Fwp%2Fv2%2Fcomments&post=25376"}],"version-history":[{"count":1,"href":"https:\/\/www.egemtv.com\/index.php?rest_route=\/wp\/v2\/posts\/25376\/revisions"}],"predecessor-version":[{"id":25378,"href":"https:\/\/www.egemtv.com\/index.php?rest_route=\/wp\/v2\/posts\/25376\/revisions\/25378"}],"wp:featuredmedia":[{"embeddable":true,"href":"https:\/\/www.egemtv.com\/index.php?rest_route=\/wp\/v2\/media\/25377"}],"wp:attachment":[{"href":"https:\/\/www.egemtv.com\/index.php?rest_route=%2Fwp%2Fv2%2Fmedia&parent=25376"}],"wp:term":[{"taxonomy":"category","embeddable":true,"href":"https:\/\/www.egemtv.com\/index.php?rest_route=%2Fwp%2Fv2%2Fcategories&post=25376"},{"taxonomy":"post_tag","embeddable":true,"href":"https:\/\/www.egemtv.com\/index.php?rest_route=%2Fwp%2Fv2%2Ftags&post=25376"}],"curies":[{"name":"wp","href":"https:\/\/api.w.org\/{rel}","templated":true}]}}