{"id":25373,"date":"2025-03-20T10:51:49","date_gmt":"2025-03-20T07:51:49","guid":{"rendered":"https:\/\/www.egemtv.com\/?p=25373"},"modified":"2025-03-20T10:51:53","modified_gmt":"2025-03-20T07:51:53","slug":"kasten-yaralamadan-aranan-sahis-yakalandi","status":"publish","type":"post","link":"https:\/\/www.egemtv.com\/?p=25373","title":{"rendered":"Kasten yaralamadan aranan \u015fah\u0131s yakaland\u0131"},"content":{"rendered":"<p>Ayd\u0131n\u2019\u0131n Nazilli il\u00e7esinde kasten yaralama su\u00e7undan aranan \u015f\u00fcpheli \u015fah\u0131s jandarma ekipleri taraf\u0131ndan yakaland\u0131.<\/p>\n<p>Nazilli \u0130l\u00e7e Jandarma Komutanl\u0131\u011f\u0131 JASAT ve Merkez Jandarma Karakol Komutanl\u0131\u011f\u0131 taraf\u0131ndan aranan bir \u015fah\u0131slar\u0131n yakalanmas\u0131na y\u00f6nelik \u00e7al\u0131\u015fma ba\u015flat\u0131ld\u0131. &#8220;Kasten Yaralama &#8221; su\u00e7undan aranan ve hakk\u0131nda 1 y\u0131l 1 ay 15 g\u00fcn hapis cezas\u0131 bulunan \u0130.E. isimli \u015f\u00fcpheli \u015fah\u0131s yap\u0131lan detayl\u0131 \u00e7al\u0131\u015fma sonucu yakaland\u0131. \u015e\u00fcpheli, adli makamlarca tutuklanmas\u0131na m\u00fcteakip Ceza \u0130nfaz Kurumu\u2019na teslim edildi.<br \/><\/p>\n","protected":false},"excerpt":{"rendered":"<p>Ayd\u0131n\u2019\u0131n Nazilli il\u00e7esinde kasten yaralama su\u00e7undan aranan \u015f\u00fcpheli \u015fah\u0131s jandarma ekipleri taraf\u0131ndan yakaland\u0131. Nazilli \u0130l\u00e7e Jandarma Komutanl\u0131\u011f\u0131 JASAT ve Merkez Jandarma Karakol Komutanl\u0131\u011f\u0131 taraf\u0131ndan aranan bir \u015fah\u0131slar\u0131n yakalanmas\u0131na y\u00f6nelik \u00e7al\u0131\u015fma ba\u015flat\u0131ld\u0131. &#8220;Kasten Yaralama &#8221; su\u00e7undan aranan ve hakk\u0131nda 1 y\u0131l 1 ay 15 g\u00fcn hapis cezas\u0131 bulunan \u0130.E. isimli \u015f\u00fcpheli \u015fah\u0131s yap\u0131lan detayl\u0131 \u00e7al\u0131\u015fma sonucu&#8230;<\/p>\n","protected":false},"author":1,"featured_media":25374,"comment_status":"open","ping_status":"open","sticky":false,"template":"","format":"standard","meta":{"_crdt_document":"","footnotes":""},"categories":[5],"tags":[],"class_list":["post-25373","post","type-post","status-publish","format-standard","has-post-thumbnail","hentry","category-asayis"],"_links":{"self":[{"href":"https:\/\/www.egemtv.com\/index.php?rest_route=\/wp\/v2\/posts\/25373","targetHints":{"allow":["GET"]}}],"collection":[{"href":"https:\/\/www.egemtv.com\/index.php?rest_route=\/wp\/v2\/posts"}],"about":[{"href":"https:\/\/www.egemtv.com\/index.php?rest_route=\/wp\/v2\/types\/post"}],"author":[{"embeddable":true,"href":"https:\/\/www.egemtv.com\/index.php?rest_route=\/wp\/v2\/users\/1"}],"replies":[{"embeddable":true,"href":"https:\/\/www.egemtv.com\/index.php?rest_route=%2Fwp%2Fv2%2Fcomments&post=25373"}],"version-history":[{"count":1,"href":"https:\/\/www.egemtv.com\/index.php?rest_route=\/wp\/v2\/posts\/25373\/revisions"}],"predecessor-version":[{"id":25375,"href":"https:\/\/www.egemtv.com\/index.php?rest_route=\/wp\/v2\/posts\/25373\/revisions\/25375"}],"wp:featuredmedia":[{"embeddable":true,"href":"https:\/\/www.egemtv.com\/index.php?rest_route=\/wp\/v2\/media\/25374"}],"wp:attachment":[{"href":"https:\/\/www.egemtv.com\/index.php?rest_route=%2Fwp%2Fv2%2Fmedia&parent=25373"}],"wp:term":[{"taxonomy":"category","embeddable":true,"href":"https:\/\/www.egemtv.com\/index.php?rest_route=%2Fwp%2Fv2%2Fcategories&post=25373"},{"taxonomy":"post_tag","embeddable":true,"href":"https:\/\/www.egemtv.com\/index.php?rest_route=%2Fwp%2Fv2%2Ftags&post=25373"}],"curies":[{"name":"wp","href":"https:\/\/api.w.org\/{rel}","templated":true}]}}