{"id":25370,"date":"2025-03-20T10:51:45","date_gmt":"2025-03-20T07:51:45","guid":{"rendered":"https:\/\/www.egemtv.com\/?p=25370"},"modified":"2025-03-20T10:51:49","modified_gmt":"2025-03-20T07:51:49","slug":"pamukkalede-engelsiz-bir-gelecek-icin-onemli-adim-pamukkale-engelsiz-nefes-evi","status":"publish","type":"post","link":"https:\/\/www.egemtv.com\/?p=25370","title":{"rendered":"Pamukkale\u2019de engelsiz bir gelecek i\u00e7in \u00f6nemli ad\u0131m: Pamukkale Engelsiz Nefes Evi"},"content":{"rendered":"<p>Denizli\u2019nin Pamukkale il\u00e7esinde, engelli bireylerin sosyal ve ekonomik hayata daha g\u00fc\u00e7l\u00fc bir \u015fekilde kat\u0131l\u0131m\u0131n\u0131 sa\u011flamak amac\u0131yla &#8220;Pamukkale Engelsiz Nefes Evi&#8221; projesi hayata ge\u00e7iriliyor.<\/p>\n<p>Sanayi ve Teknoloji Bakanl\u0131\u011f\u0131 Kalk\u0131nma Ajanslar\u0131 Genel M\u00fcd\u00fcrl\u00fc\u011f\u00fc koordinasyonunda faaliyetlerini y\u00fcr\u00fcten G\u00fcney Ege Kalk\u0131nma Ajans\u0131 (GEKA) taraf\u0131ndan desteklenen proje, 2024 Y\u0131l\u0131 Sosyal Geli\u015fmeyi Destekleme Program\u0131 (SOGEP) kapsam\u0131nda uygulanacak.<\/p>\n<p>Toplam b\u00fct\u00e7esi 3 milyon 765 bin 935 TL olan proje i\u00e7in GEKA taraf\u0131ndan 3 milyon TL destek sa\u011flanacak. Projenin y\u00fcr\u00fct\u00fcc\u00fcs\u00fc Pamukkale \u0130l\u00e7e Milli E\u011fitim M\u00fcd\u00fcrl\u00fc\u011f\u00fc olurken, Denizli Aile, \u00c7al\u0131\u015fma ve Sosyal Hizmetler \u0130l M\u00fcd\u00fcrl\u00fc\u011f\u00fc, Pamukkale Sosyal Yard\u0131mla\u015fma ve Dayan\u0131\u015fma Vakf\u0131, Pamukkale Halk E\u011fitim Merkezi, Pamukkale Sa\u011fl\u0131k E\u011fitim Vakf\u0131, Denizli Ticaret Odas\u0131, Pamukkale Rehberlik Ara\u015ft\u0131rma Merkezi ve Denizli \u00c7al\u0131\u015fma ve \u0130\u015f Kurumu \u0130l M\u00fcd\u00fcrl\u00fc\u011f\u00fc proje ortaklar\u0131 aras\u0131nda yer al\u0131yor.<\/p>\n<p>Proje kapsam\u0131nda, altyap\u0131 eksiklikleri nedeniyle tam kapasite kullan\u0131lamayan bina, engelsiz ya\u015fam merkezine d\u00f6n\u00fc\u015ft\u00fcr\u00fclecek. 18-65 ya\u015f aras\u0131ndaki 100 engelli bireyin ki\u015fisel, sosyal ve ekonomik hayata aktif kat\u0131l\u0131m\u0131n\u0131 destekleyecek merkezde, 9 farkl\u0131 e\u011fitim ve i\u015f at\u00f6lyesi kurulacak. Ayn\u0131 zamanda, korumal\u0131 i\u015f yeri stat\u00fcs\u00fcne sahip olacak bu at\u00f6lyelerde meslek edindirme, ki\u015fisel geli\u015fim, i\u015f sa\u011fl\u0131\u011f\u0131 ve g\u00fcvenli\u011fi e\u011fitimleri verilecek. Bu sayede 18 ya\u015f\u0131n\u0131 doldurmu\u015f en az 5 engelli bireyin istihdam edilmesi hedefleniyor.<\/p>\n<p>G\u00fcney Ege Kalk\u0131nma Ajans\u0131 Genel Sekreteri \u00dcmit G\u00fclya\u011f\u0131, Pamukkale Engelsiz Nefes Evi\u2019nin engelli bireylerin hayata tam kat\u0131l\u0131m\u0131n\u0131 desteklemek ad\u0131na \u00f6nemli bir ad\u0131m olaca\u011f\u0131n\u0131 ve sosyal kalk\u0131nma projeleriyle toplumun her kesiminin e\u015fit f\u0131rsatlara sahip olmas\u0131 i\u00e7in GEKA\u2019n\u0131n \u00e7al\u0131\u015fmalar\u0131na devam etti\u011fini ifade etti.<\/p>\n<p>GEKA ve Pamukkale \u0130l\u00e7e Milli E\u011fitim M\u00fcd\u00fcrl\u00fc\u011f\u00fc taraf\u0131ndan s\u00f6zle\u015fmesi imzalanan projenin tamamlanmas\u0131yla birlikte, Denizli\u2019de engelli bireylerin istihdam edilebilirli\u011finin art\u0131r\u0131lmas\u0131 ve ya\u015fam kalitelerinin y\u00fckseltilmesi hedefleniyor.<br \/><\/p>\n","protected":false},"excerpt":{"rendered":"<p>Denizli\u2019nin Pamukkale il\u00e7esinde, engelli bireylerin sosyal ve ekonomik hayata daha g\u00fc\u00e7l\u00fc bir \u015fekilde kat\u0131l\u0131m\u0131n\u0131 sa\u011flamak amac\u0131yla &#8220;Pamukkale Engelsiz Nefes Evi&#8221; projesi hayata ge\u00e7iriliyor. Sanayi ve Teknoloji Bakanl\u0131\u011f\u0131 Kalk\u0131nma Ajanslar\u0131 Genel M\u00fcd\u00fcrl\u00fc\u011f\u00fc koordinasyonunda faaliyetlerini y\u00fcr\u00fcten G\u00fcney Ege Kalk\u0131nma Ajans\u0131 (GEKA) taraf\u0131ndan desteklenen proje, 2024 Y\u0131l\u0131 Sosyal Geli\u015fmeyi Destekleme Program\u0131 (SOGEP) kapsam\u0131nda uygulanacak. Toplam b\u00fct\u00e7esi 3 milyon&#8230;<\/p>\n","protected":false},"author":1,"featured_media":25371,"comment_status":"open","ping_status":"open","sticky":false,"template":"","format":"standard","meta":{"_crdt_document":"","footnotes":""},"categories":[1],"tags":[],"class_list":["post-25370","post","type-post","status-publish","format-standard","has-post-thumbnail","hentry","category-guncel"],"_links":{"self":[{"href":"https:\/\/www.egemtv.com\/index.php?rest_route=\/wp\/v2\/posts\/25370","targetHints":{"allow":["GET"]}}],"collection":[{"href":"https:\/\/www.egemtv.com\/index.php?rest_route=\/wp\/v2\/posts"}],"about":[{"href":"https:\/\/www.egemtv.com\/index.php?rest_route=\/wp\/v2\/types\/post"}],"author":[{"embeddable":true,"href":"https:\/\/www.egemtv.com\/index.php?rest_route=\/wp\/v2\/users\/1"}],"replies":[{"embeddable":true,"href":"https:\/\/www.egemtv.com\/index.php?rest_route=%2Fwp%2Fv2%2Fcomments&post=25370"}],"version-history":[{"count":1,"href":"https:\/\/www.egemtv.com\/index.php?rest_route=\/wp\/v2\/posts\/25370\/revisions"}],"predecessor-version":[{"id":25372,"href":"https:\/\/www.egemtv.com\/index.php?rest_route=\/wp\/v2\/posts\/25370\/revisions\/25372"}],"wp:featuredmedia":[{"embeddable":true,"href":"https:\/\/www.egemtv.com\/index.php?rest_route=\/wp\/v2\/media\/25371"}],"wp:attachment":[{"href":"https:\/\/www.egemtv.com\/index.php?rest_route=%2Fwp%2Fv2%2Fmedia&parent=25370"}],"wp:term":[{"taxonomy":"category","embeddable":true,"href":"https:\/\/www.egemtv.com\/index.php?rest_route=%2Fwp%2Fv2%2Fcategories&post=25370"},{"taxonomy":"post_tag","embeddable":true,"href":"https:\/\/www.egemtv.com\/index.php?rest_route=%2Fwp%2Fv2%2Ftags&post=25370"}],"curies":[{"name":"wp","href":"https:\/\/api.w.org\/{rel}","templated":true}]}}