{"id":25367,"date":"2025-03-20T10:51:41","date_gmt":"2025-03-20T07:51:41","guid":{"rendered":"https:\/\/www.egemtv.com\/?p=25367"},"modified":"2025-03-20T10:51:45","modified_gmt":"2025-03-20T07:51:45","slug":"muglada-iftarda-konusalim-programi-duzenlendi","status":"publish","type":"post","link":"https:\/\/www.egemtv.com\/?p=25367","title":{"rendered":"Mu\u011fla\u2019da &#8220;\u0130ftarda Konu\u015fal\u0131m&#8221; program\u0131 d\u00fczenlendi"},"content":{"rendered":"<p>Mu\u011fla \u0130l Mill\u00ee E\u011fitim M\u00fcd\u00fcr\u00fc Emre \u00c7ay, &#8220;\u0130ftarda Konu\u015fal\u0131m&#8221; program\u0131 kapsam\u0131nda Mu\u011fla G\u00fczel Sanatlar Lisesi \u00f6\u011frencileriyle bir araya geldi.<\/p>\n<p>Samimi bir atmosferde ger\u00e7ekle\u015fen bulu\u015fmada, \u00f6\u011frenciler merak ettikleri konular hakk\u0131nda sorular\u0131n\u0131 y\u00f6neltti. Programda, okulun \u00f6\u011fretmenleri taraf\u0131ndan haz\u0131rlanan m\u00fczik konseri de icra edildi.<\/p>\n<p>\u00d6\u011frencilerle deneyimlerini payla\u015fan \u0130l Mill\u00ee E\u011fitim M\u00fcd\u00fcr\u00fc Emre \u00c7ay, konu\u015fmas\u0131nda \u015funlar\u0131 kaydetti: &#8220;Bug\u00fcn burada sizlerle bir araya gelmekten b\u00fcy\u00fck mutluluk duyuyorum. Sizler, \u00fclkemizin yar\u0131nlar\u0131n\u0131 \u015fekillendirecek en k\u0131ymetli hazinemizsiniz. K\u00fclt\u00fcrel ve manevi de\u011ferlerine sahip \u00e7\u0131kan bireyler olarak gelece\u011fe emin ad\u0131mlarla y\u00fcr\u00fcyorsunuz. E\u011fitim sadece akademik ba\u015far\u0131dan ibaret de\u011fildir. Sizlerin derslerinde ba\u015far\u0131l\u0131 olmas\u0131n\u0131n yan\u0131 s\u0131ra sorgulayan, \u00fcreten ve toplumuna fayda sa\u011flayan bireyler olman\u0131z\u0131 \u00f6nemsiyoruz. \u00c7\u00fcnk\u00fc sizler, bu \u00fclkenin umudu, \u0131\u015f\u0131\u011f\u0131 ve gelece\u011fimizin teminat\u0131s\u0131n\u0131z. Sanat ve bilimin birle\u015fti\u011fi bu g\u00fczel okulda e\u011fitim al\u0131yor olman\u0131z, sizlere hayata farkl\u0131 perspektiflerden bakma f\u0131rsat\u0131 sunacak ve gelece\u011fe daha g\u00fc\u00e7l\u00fc haz\u0131rlanman\u0131z\u0131 sa\u011flayacakt\u0131r. Unutmay\u0131n ki her biriniz b\u00fcy\u00fck bir potansiyel ta\u015f\u0131yorsunuz. Bizler de bu potansiyelin en iyi \u015fekilde ortaya \u00e7\u0131kmas\u0131 i\u00e7in daima yan\u0131n\u0131zday\u0131z &#8220;dedi.<br \/><\/p>\n","protected":false},"excerpt":{"rendered":"<p>Mu\u011fla \u0130l Mill\u00ee E\u011fitim M\u00fcd\u00fcr\u00fc Emre \u00c7ay, &#8220;\u0130ftarda Konu\u015fal\u0131m&#8221; program\u0131 kapsam\u0131nda Mu\u011fla G\u00fczel Sanatlar Lisesi \u00f6\u011frencileriyle bir araya geldi. Samimi bir atmosferde ger\u00e7ekle\u015fen bulu\u015fmada, \u00f6\u011frenciler merak ettikleri konular hakk\u0131nda sorular\u0131n\u0131 y\u00f6neltti. Programda, okulun \u00f6\u011fretmenleri taraf\u0131ndan haz\u0131rlanan m\u00fczik konseri de icra edildi. \u00d6\u011frencilerle deneyimlerini payla\u015fan \u0130l Mill\u00ee E\u011fitim M\u00fcd\u00fcr\u00fc Emre \u00c7ay, konu\u015fmas\u0131nda \u015funlar\u0131 kaydetti: &#8220;Bug\u00fcn burada&#8230;<\/p>\n","protected":false},"author":1,"featured_media":25368,"comment_status":"open","ping_status":"open","sticky":false,"template":"","format":"standard","meta":{"_crdt_document":"","footnotes":""},"categories":[1],"tags":[],"class_list":["post-25367","post","type-post","status-publish","format-standard","has-post-thumbnail","hentry","category-guncel"],"_links":{"self":[{"href":"https:\/\/www.egemtv.com\/index.php?rest_route=\/wp\/v2\/posts\/25367","targetHints":{"allow":["GET"]}}],"collection":[{"href":"https:\/\/www.egemtv.com\/index.php?rest_route=\/wp\/v2\/posts"}],"about":[{"href":"https:\/\/www.egemtv.com\/index.php?rest_route=\/wp\/v2\/types\/post"}],"author":[{"embeddable":true,"href":"https:\/\/www.egemtv.com\/index.php?rest_route=\/wp\/v2\/users\/1"}],"replies":[{"embeddable":true,"href":"https:\/\/www.egemtv.com\/index.php?rest_route=%2Fwp%2Fv2%2Fcomments&post=25367"}],"version-history":[{"count":1,"href":"https:\/\/www.egemtv.com\/index.php?rest_route=\/wp\/v2\/posts\/25367\/revisions"}],"predecessor-version":[{"id":25369,"href":"https:\/\/www.egemtv.com\/index.php?rest_route=\/wp\/v2\/posts\/25367\/revisions\/25369"}],"wp:featuredmedia":[{"embeddable":true,"href":"https:\/\/www.egemtv.com\/index.php?rest_route=\/wp\/v2\/media\/25368"}],"wp:attachment":[{"href":"https:\/\/www.egemtv.com\/index.php?rest_route=%2Fwp%2Fv2%2Fmedia&parent=25367"}],"wp:term":[{"taxonomy":"category","embeddable":true,"href":"https:\/\/www.egemtv.com\/index.php?rest_route=%2Fwp%2Fv2%2Fcategories&post=25367"},{"taxonomy":"post_tag","embeddable":true,"href":"https:\/\/www.egemtv.com\/index.php?rest_route=%2Fwp%2Fv2%2Ftags&post=25367"}],"curies":[{"name":"wp","href":"https:\/\/api.w.org\/{rel}","templated":true}]}}