{"id":25364,"date":"2025-03-20T10:51:37","date_gmt":"2025-03-20T07:51:37","guid":{"rendered":"https:\/\/www.egemtv.com\/?p=25364"},"modified":"2025-03-20T10:51:41","modified_gmt":"2025-03-20T07:51:41","slug":"ruhsatsiz-silahlariyla-yakalandi","status":"publish","type":"post","link":"https:\/\/www.egemtv.com\/?p=25364","title":{"rendered":"Ruhsats\u0131z silahlar\u0131yla yakaland\u0131"},"content":{"rendered":"<p>Ayd\u0131n\u2019\u0131n S\u00f6ke il\u00e7esinde jandarma ekiplerince yap\u0131lan \u00e7al\u0131\u015fmada bir \u015f\u00fcpheli 2 adet ruhsats\u0131z av t\u00fcfe\u011fi ile yakaland\u0131.<\/p>\n<p>Ayd\u0131n \u0130l Jandarma Komutanl\u0131\u011f\u0131 koordinesinde ruhsats\u0131z silah bulundurma ve ticaretine y\u00f6nelik \u00e7al\u0131\u015fmalar s\u00fcr\u00fcyor. Edinilen bilgiye g\u00f6re S\u00f6ke \u0130l\u00e7e Jandarma Komutanl\u0131\u011f\u0131 ekipleri, A.Y. isimli \u015fahs\u0131n ruhsats\u0131z silah bulundurdu\u011fu bilgisine ula\u015ft\u0131. Harekete ge\u00e7en ekipler, \u015f\u00fcphelinin S\u00f6ke il\u00e7esi Sar\u0131kemer Mahallesi\u2019ndeki adresine bask\u0131n d\u00fczenledi. Yap\u0131lan adli aramada 2 adet ruhsats\u0131z av t\u00fcfe\u011fi ele ge\u00e7irildi. \u015e\u00fcpheli \u015fah\u0131s hakk\u0131nda 6136 Say\u0131l\u0131 Kanuna Muhalefet su\u00e7undan adli i\u015flem yap\u0131ld\u0131.<br \/><\/p>\n","protected":false},"excerpt":{"rendered":"<p>Ayd\u0131n\u2019\u0131n S\u00f6ke il\u00e7esinde jandarma ekiplerince yap\u0131lan \u00e7al\u0131\u015fmada bir \u015f\u00fcpheli 2 adet ruhsats\u0131z av t\u00fcfe\u011fi ile yakaland\u0131. Ayd\u0131n \u0130l Jandarma Komutanl\u0131\u011f\u0131 koordinesinde ruhsats\u0131z silah bulundurma ve ticaretine y\u00f6nelik \u00e7al\u0131\u015fmalar s\u00fcr\u00fcyor. Edinilen bilgiye g\u00f6re S\u00f6ke \u0130l\u00e7e Jandarma Komutanl\u0131\u011f\u0131 ekipleri, A.Y. isimli \u015fahs\u0131n ruhsats\u0131z silah bulundurdu\u011fu bilgisine ula\u015ft\u0131. Harekete ge\u00e7en ekipler, \u015f\u00fcphelinin S\u00f6ke il\u00e7esi Sar\u0131kemer Mahallesi\u2019ndeki adresine bask\u0131n&#8230;<\/p>\n","protected":false},"author":1,"featured_media":25365,"comment_status":"open","ping_status":"open","sticky":false,"template":"","format":"standard","meta":{"_crdt_document":"","footnotes":""},"categories":[5],"tags":[],"class_list":["post-25364","post","type-post","status-publish","format-standard","has-post-thumbnail","hentry","category-asayis"],"_links":{"self":[{"href":"https:\/\/www.egemtv.com\/index.php?rest_route=\/wp\/v2\/posts\/25364","targetHints":{"allow":["GET"]}}],"collection":[{"href":"https:\/\/www.egemtv.com\/index.php?rest_route=\/wp\/v2\/posts"}],"about":[{"href":"https:\/\/www.egemtv.com\/index.php?rest_route=\/wp\/v2\/types\/post"}],"author":[{"embeddable":true,"href":"https:\/\/www.egemtv.com\/index.php?rest_route=\/wp\/v2\/users\/1"}],"replies":[{"embeddable":true,"href":"https:\/\/www.egemtv.com\/index.php?rest_route=%2Fwp%2Fv2%2Fcomments&post=25364"}],"version-history":[{"count":1,"href":"https:\/\/www.egemtv.com\/index.php?rest_route=\/wp\/v2\/posts\/25364\/revisions"}],"predecessor-version":[{"id":25366,"href":"https:\/\/www.egemtv.com\/index.php?rest_route=\/wp\/v2\/posts\/25364\/revisions\/25366"}],"wp:featuredmedia":[{"embeddable":true,"href":"https:\/\/www.egemtv.com\/index.php?rest_route=\/wp\/v2\/media\/25365"}],"wp:attachment":[{"href":"https:\/\/www.egemtv.com\/index.php?rest_route=%2Fwp%2Fv2%2Fmedia&parent=25364"}],"wp:term":[{"taxonomy":"category","embeddable":true,"href":"https:\/\/www.egemtv.com\/index.php?rest_route=%2Fwp%2Fv2%2Fcategories&post=25364"},{"taxonomy":"post_tag","embeddable":true,"href":"https:\/\/www.egemtv.com\/index.php?rest_route=%2Fwp%2Fv2%2Ftags&post=25364"}],"curies":[{"name":"wp","href":"https:\/\/api.w.org\/{rel}","templated":true}]}}