{"id":25361,"date":"2025-03-20T10:51:32","date_gmt":"2025-03-20T07:51:32","guid":{"rendered":"https:\/\/www.egemtv.com\/?p=25361"},"modified":"2025-03-20T10:51:37","modified_gmt":"2025-03-20T07:51:37","slug":"ahmet-yildirim-tum-camiadan-destek-istiyoruz","status":"publish","type":"post","link":"https:\/\/www.egemtv.com\/?p=25361","title":{"rendered":"Ahmet Y\u0131ld\u0131r\u0131m: &#8220;T\u00fcm camiadan destek istiyoruz&#8221;"},"content":{"rendered":"<p>Kar\u015f\u0131yaka Teknik Direkt\u00f6r\u00fc Ahmet Y\u0131ld\u0131r\u0131m, \u015fampiyonluk yar\u0131\u015f\u0131nda di\u011fer tak\u0131mlarla yar\u0131\u015fabilmeleri i\u00e7in camiadan destek isteyerek, &#8220;Bursaspor ve K\u00fctahya ile yar\u0131\u015fmam\u0131z i\u00e7in bize destek verilmesi gerekiyor&#8221; dedi.<br \/>\n<br \/>TFF 3. Lig 1. Grup\u2019ta \u015fampiyonluk m\u00fccadelesi veren Kar\u015f\u0131yaka\u2019da Teknik Direkt\u00f6r Ahmet Y\u0131ld\u0131r\u0131m, tak\u0131m\u0131n mevcut durumuyla alakal\u0131 \u0130hlas Haber Ajans\u0131 (\u0130HA) muhabirine a\u00e7\u0131klamalarda bulundu. Geldiklerinde kaos i\u00e7erisinde olan bir tak\u0131m\u0131 \u00e7al\u0131\u015fmalar yaparak iyi bir seviyeye getirdiklerini belirten Y\u0131ld\u0131r\u0131m, &#8220;Geldi\u011fimizde kaos i\u00e7erisinde olan bir tak\u0131m vard\u0131. Y\u00f6netim anlam\u0131nda bir belirsizlik vard\u0131. \u0130mza yetkisi kimsede yoktu. Bir\u00e7ok oyuncumuz gitmek istiyordu. \u00c7\u00fcnk\u00fc sa\u011fl\u0131kl\u0131 bir ortam yoktu. Sonras\u0131nda d\u00f6nemin Futbol \u015eube Ba\u015fkan\u0131 Ayhan G\u00fcltekin Bey ile toplant\u0131lar yaparak durumu d\u00fczeltmeye \u00e7al\u0131\u015ft\u0131k. K\u0131r\u0131lgan ve \u00e7ok iyi olmayan arkada\u015fl\u0131k ortam\u0131n\u0131 \u015fu anda \u00e7ok \u00fcst seviyede bir yere getirdik. Bunu ekibimle ve y\u00f6netimle beraber yapt\u0131k. \u00d6zellikle Ayhan G\u00fcltekin sa\u011f olsun o zamanlar beraber bir yerlere getirdik&#8221; ifadelerini kulland\u0131.<\/p>\n<p>&#8220;Yar\u0131\u015f\u0131n i\u00e7erisindeyiz&#8221;<br \/>\n<br \/>\u015eampiyonluk yar\u0131\u015f\u0131n\u0131n i\u00e7erisinde olduklar\u0131n\u0131 vurgulayan Y\u0131ld\u0131r\u0131m, &#8220;Bursaspor\u2019un 11 puan gerisindeydik. \u015eu anda bu fark 5 puana d\u00fc\u015ft\u00fc. \u0130\u00e7eride yendi\u011fimizi d\u00fc\u015f\u00fcn\u00fcyoruz ve 2 puana d\u00fc\u015fecek. B\u00f6yle hesap ediyoruz. O y\u00fczden moral motivasyonumuz, arkada\u015fl\u0131\u011f\u0131m\u0131z, taraftarlar\u0131m\u0131z\u0131n g\u00fcveni son derece g\u00fczel ama bir\u00e7ok da s\u0131k\u0131nt\u0131m\u0131z var a\u00e7\u0131k\u00e7as\u0131. B\u00fcy\u00fck bir camia oldu\u011fu i\u00e7in bunu \u00e7ok \u00e7abuk \u00f6telenir, \u00e7ok \u00e7abuk d\u00fczelir diye umut ediyoruz. \u00c7\u00fcnk\u00fc bize verilen s\u00f6zler bu \u015fekilde. Yakla\u015f\u0131k 7 senedir 3. Lig\u2019de debelenip duran b\u00fcy\u00fck bir camia var. Buna bu sene in\u015fallah son vermek istiyoruz. Buna haz\u0131r\u0131z, \u00e7ok istiyoruz&#8221; dedi.<\/p>\n<p>&#8220;Antrenman sahas\u0131 elveri\u015fli de\u011fil ama kimse \u015fikayet etmiyor&#8221;<br \/>\n<br \/>\u00c7ok zorlu \u015fartlar alt\u0131nda \u00e7al\u0131\u015ft\u0131klar\u0131n\u0131 s\u00f6yleyen Ahmet Y\u0131ld\u0131r\u0131m, &#8220;Bursaspor ve K\u00fctahya ile yar\u0131\u015fmam\u0131z i\u00e7in bize destek verilmesi gerekiyor. Bu destek verildi\u011fi takdirde tabii ki her ma\u00e7\u0131 kazanmak i\u00e7in \u00e7\u0131k\u0131yoruz ama Allah korusun kaybedebilece\u011fimiz, berabere bitirece\u011fimiz ma\u00e7lar da olabilir ama biz play-off da olsa hedefimizden \u015fa\u015fm\u0131\u015f de\u011filiz. Devam ediyoruz. O y\u00fczden herkesin deste\u011fine ihtiyac\u0131m\u0131z var. Antrenman sahas\u0131n\u0131 g\u00f6r\u00fcyorsunuz. Futbola elveri\u015fli de\u011fil ama kimse \u015fikayet etmiyor. Son derece mutlu, son derece arzulu, son derece istekli bir \u015fekilde \u00e7al\u0131\u015fmalar\u0131m\u0131za devam ediyoruz&#8221; diyerek s\u00f6zlerini noktalad\u0131.<br \/><\/p>\n","protected":false},"excerpt":{"rendered":"<p>Kar\u015f\u0131yaka Teknik Direkt\u00f6r\u00fc Ahmet Y\u0131ld\u0131r\u0131m, \u015fampiyonluk yar\u0131\u015f\u0131nda di\u011fer tak\u0131mlarla yar\u0131\u015fabilmeleri i\u00e7in camiadan destek isteyerek, &#8220;Bursaspor ve K\u00fctahya ile yar\u0131\u015fmam\u0131z i\u00e7in bize destek verilmesi gerekiyor&#8221; dedi. TFF 3. Lig 1. Grup\u2019ta \u015fampiyonluk m\u00fccadelesi veren Kar\u015f\u0131yaka\u2019da Teknik Direkt\u00f6r Ahmet Y\u0131ld\u0131r\u0131m, tak\u0131m\u0131n mevcut durumuyla alakal\u0131 \u0130hlas Haber Ajans\u0131 (\u0130HA) muhabirine a\u00e7\u0131klamalarda bulundu. Geldiklerinde kaos i\u00e7erisinde olan bir tak\u0131m\u0131&#8230;<\/p>\n","protected":false},"author":1,"featured_media":25362,"comment_status":"open","ping_status":"open","sticky":false,"template":"","format":"standard","meta":{"_crdt_document":"","footnotes":""},"categories":[4],"tags":[],"class_list":["post-25361","post","type-post","status-publish","format-standard","has-post-thumbnail","hentry","category-spor"],"_links":{"self":[{"href":"https:\/\/www.egemtv.com\/index.php?rest_route=\/wp\/v2\/posts\/25361","targetHints":{"allow":["GET"]}}],"collection":[{"href":"https:\/\/www.egemtv.com\/index.php?rest_route=\/wp\/v2\/posts"}],"about":[{"href":"https:\/\/www.egemtv.com\/index.php?rest_route=\/wp\/v2\/types\/post"}],"author":[{"embeddable":true,"href":"https:\/\/www.egemtv.com\/index.php?rest_route=\/wp\/v2\/users\/1"}],"replies":[{"embeddable":true,"href":"https:\/\/www.egemtv.com\/index.php?rest_route=%2Fwp%2Fv2%2Fcomments&post=25361"}],"version-history":[{"count":1,"href":"https:\/\/www.egemtv.com\/index.php?rest_route=\/wp\/v2\/posts\/25361\/revisions"}],"predecessor-version":[{"id":25363,"href":"https:\/\/www.egemtv.com\/index.php?rest_route=\/wp\/v2\/posts\/25361\/revisions\/25363"}],"wp:featuredmedia":[{"embeddable":true,"href":"https:\/\/www.egemtv.com\/index.php?rest_route=\/wp\/v2\/media\/25362"}],"wp:attachment":[{"href":"https:\/\/www.egemtv.com\/index.php?rest_route=%2Fwp%2Fv2%2Fmedia&parent=25361"}],"wp:term":[{"taxonomy":"category","embeddable":true,"href":"https:\/\/www.egemtv.com\/index.php?rest_route=%2Fwp%2Fv2%2Fcategories&post=25361"},{"taxonomy":"post_tag","embeddable":true,"href":"https:\/\/www.egemtv.com\/index.php?rest_route=%2Fwp%2Fv2%2Ftags&post=25361"}],"curies":[{"name":"wp","href":"https:\/\/api.w.org\/{rel}","templated":true}]}}