{"id":25355,"date":"2025-03-20T10:22:18","date_gmt":"2025-03-20T07:22:18","guid":{"rendered":"https:\/\/www.egemtv.com\/?p=25355"},"modified":"2025-03-20T10:22:22","modified_gmt":"2025-03-20T07:22:22","slug":"vali-akbiyik-genclerle-iftar-programinda-bulustu","status":"publish","type":"post","link":"https:\/\/www.egemtv.com\/?p=25355","title":{"rendered":"Vali Akb\u0131y\u0131k, gen\u00e7lerle iftar program\u0131nda bulu\u015ftu"},"content":{"rendered":"<p>Mu\u011fla Valisi Dr. \u0130dris Akb\u0131y\u0131k, Mu\u011fla S\u0131tk\u0131 Ko\u00e7man \u00dcniversitesi K\u00f6tekli Gen\u00e7lik Merkezi Gen\u00e7 Ofis taraf\u0131ndan d\u00fczenlenen iftar program\u0131na kat\u0131larak farkl\u0131 illerden Mu\u011fla\u2019ya e\u011fitim i\u00e7in gelen \u00f6\u011frencilerle bir araya geldi.<\/p>\n<p>\u0130ftar program\u0131nda gen\u00e7lerle sohbet eden Vali Akb\u0131y\u0131k, Ramazan ay\u0131n\u0131n birlik ve beraberlik ruhunu peki\u015ftirdi\u011fini belirterek, gen\u00e7lerle ayn\u0131 sofray\u0131 payla\u015fmaktan duydu\u011fu memnuniyeti dile getirdi.<\/p>\n<p>&#8220;Dijital ba\u011f\u0131ml\u0131l\u0131\u011fa dikkat \u00e7ekti&#8221;<br \/>\n<br \/>Konu\u015fmas\u0131nda teknoloji ve bilimin h\u0131zla geli\u015fti\u011fine vurgu yapan Vali Dr. \u0130dris Akb\u0131y\u0131k, gen\u00e7lere daha fazla kitap okumalar\u0131n\u0131, \u00e7ok \u00e7al\u0131\u015fmalar\u0131n\u0131 ve geli\u015fimin gerisinde kalmamalar\u0131n\u0131 tavsiye etti. \u00d6zellikle gen\u00e7leri tehdit eden ba\u011f\u0131ml\u0131l\u0131klara dikkat \u00e7eken Vali Akb\u0131y\u0131k, \u015funlar\u0131 s\u00f6yledi: &#8220;Alkol, sigara ve uyu\u015fturucu ba\u011f\u0131ml\u0131l\u0131\u011f\u0131 gibi dijital ba\u011f\u0131ml\u0131l\u0131k da \u00f6nemli bir sorundur. Dijital ba\u011f\u0131ml\u0131l\u0131k, kitap okuman\u0131za, sa\u011fl\u0131kl\u0131 ve kaliteli zaman ge\u00e7irmenize ve geli\u015fmenize engel olmamal\u0131d\u0131r&#8221;<\/p>\n<p>&#8220;Bir Kitap Bir \u0130nsan&#8221; projesiyle gen\u00e7ler te\u015fvik edilecek<br \/>\n<br \/>Gen\u00e7lerin bilin\u00e7li ve sa\u011fl\u0131kl\u0131 bir \u015fekilde geli\u015fimini desteklemek amac\u0131yla &#8220;Bir Kitap Bir \u0130nsan&#8221; projesinin hayata ge\u00e7irildi\u011fini belirten Vali Akb\u0131y\u0131k, Mu\u011fla\u2019daki \u00f6\u011frencilerin en iyi \u015fartlarda e\u011fitim almas\u0131 ve kendilerini geli\u015ftirebilmesi i\u00e7in \u00e7al\u0131\u015ft\u0131klar\u0131n\u0131 ifade etti. &#8220;Cumhurba\u015fkan\u0131m\u0131z Recep Tayyip Erdo\u011fan\u2019\u0131n liderli\u011finde, Bakanlar\u0131m\u0131z\u0131n rehberli\u011finde, gen\u00e7lerimizin en iyi \u015fartlarda e\u011fitim almas\u0131 ve geli\u015fmesi i\u00e7in var g\u00fcc\u00fcm\u00fczle \u00e7al\u0131\u015f\u0131yoruz&#8221; dedi.<br \/><\/p>\n","protected":false},"excerpt":{"rendered":"<p>Mu\u011fla Valisi Dr. \u0130dris Akb\u0131y\u0131k, Mu\u011fla S\u0131tk\u0131 Ko\u00e7man \u00dcniversitesi K\u00f6tekli Gen\u00e7lik Merkezi Gen\u00e7 Ofis taraf\u0131ndan d\u00fczenlenen iftar program\u0131na kat\u0131larak farkl\u0131 illerden Mu\u011fla\u2019ya e\u011fitim i\u00e7in gelen \u00f6\u011frencilerle bir araya geldi. \u0130ftar program\u0131nda gen\u00e7lerle sohbet eden Vali Akb\u0131y\u0131k, Ramazan ay\u0131n\u0131n birlik ve beraberlik ruhunu peki\u015ftirdi\u011fini belirterek, gen\u00e7lerle ayn\u0131 sofray\u0131 payla\u015fmaktan duydu\u011fu memnuniyeti dile getirdi. &#8220;Dijital ba\u011f\u0131ml\u0131l\u0131\u011fa dikkat&#8230;<\/p>\n","protected":false},"author":1,"featured_media":25356,"comment_status":"open","ping_status":"open","sticky":false,"template":"","format":"standard","meta":{"_crdt_document":"","footnotes":""},"categories":[1],"tags":[],"class_list":["post-25355","post","type-post","status-publish","format-standard","has-post-thumbnail","hentry","category-guncel"],"_links":{"self":[{"href":"https:\/\/www.egemtv.com\/index.php?rest_route=\/wp\/v2\/posts\/25355","targetHints":{"allow":["GET"]}}],"collection":[{"href":"https:\/\/www.egemtv.com\/index.php?rest_route=\/wp\/v2\/posts"}],"about":[{"href":"https:\/\/www.egemtv.com\/index.php?rest_route=\/wp\/v2\/types\/post"}],"author":[{"embeddable":true,"href":"https:\/\/www.egemtv.com\/index.php?rest_route=\/wp\/v2\/users\/1"}],"replies":[{"embeddable":true,"href":"https:\/\/www.egemtv.com\/index.php?rest_route=%2Fwp%2Fv2%2Fcomments&post=25355"}],"version-history":[{"count":1,"href":"https:\/\/www.egemtv.com\/index.php?rest_route=\/wp\/v2\/posts\/25355\/revisions"}],"predecessor-version":[{"id":25357,"href":"https:\/\/www.egemtv.com\/index.php?rest_route=\/wp\/v2\/posts\/25355\/revisions\/25357"}],"wp:featuredmedia":[{"embeddable":true,"href":"https:\/\/www.egemtv.com\/index.php?rest_route=\/wp\/v2\/media\/25356"}],"wp:attachment":[{"href":"https:\/\/www.egemtv.com\/index.php?rest_route=%2Fwp%2Fv2%2Fmedia&parent=25355"}],"wp:term":[{"taxonomy":"category","embeddable":true,"href":"https:\/\/www.egemtv.com\/index.php?rest_route=%2Fwp%2Fv2%2Fcategories&post=25355"},{"taxonomy":"post_tag","embeddable":true,"href":"https:\/\/www.egemtv.com\/index.php?rest_route=%2Fwp%2Fv2%2Ftags&post=25355"}],"curies":[{"name":"wp","href":"https:\/\/api.w.org\/{rel}","templated":true}]}}