{"id":25349,"date":"2025-03-20T09:42:13","date_gmt":"2025-03-20T06:42:13","guid":{"rendered":"https:\/\/www.egemtv.com\/?p=25349"},"modified":"2025-03-20T09:42:16","modified_gmt":"2025-03-20T06:42:16","slug":"manisada-yasanan-su-sorunu-vali-ozkana-iletildi","status":"publish","type":"post","link":"https:\/\/www.egemtv.com\/?p=25349","title":{"rendered":"Manisa\u2019da ya\u015fanan su sorunu Vali \u00d6zkan\u2019a iletildi"},"content":{"rendered":"<p>Manisa\u2019n\u0131n Sar\u0131k\u0131z ve G\u00f6ksu b\u00f6lgelerinde \u0130ZSU Genel M\u00fcd\u00fcrl\u00fc\u011f\u00fcn\u00fcn 11 yeni su kuyusu a\u00e7arak \u0130zmir\u2019e y\u0131lda 32 milyon metrek\u00fcp ilave su kayna\u011f\u0131 sa\u011flanmas\u0131n\u0131n Manisa tar\u0131m\u0131n\u0131 olumsuz etkilenece\u011fi endi\u015fesiyle Manisa Ticaret Borsas\u0131 Ba\u015fkan\u0131 Sad\u0131k \u00d6zkasap, Saruhanl\u0131 Belediye Ba\u015fkan\u0131 Ekrem C\u0131ll\u0131 ve Saruhanl\u0131 Ziraat Odas\u0131 Ba\u015fkan\u0131 Aydo\u011fan Okur ile Manisa Ziraat Odas\u0131 Ba\u015fkan\u0131 H\u00fcseyin Alt\u0131nda\u011f, Manisa Valisi Vahdettin \u00d6zkan\u2019\u0131 ziyaret ederek durum hakk\u0131nda bilgi verdi. Heyet ayr\u0131ca Vali \u00d6zkan\u2019a toplanan 8 bin imzal\u0131k dosyay\u0131 da sundu.<br \/>\n<br \/>\u0130ZSU Genel M\u00fcd\u00fcrl\u00fc\u011f\u00fcn\u00fcn Manisa\u2019n\u0131n Sar\u0131k\u0131z ve G\u00f6ksu b\u00f6lgelerinde 11 yeni su kuyusu a\u00e7arak \u0130zmir\u2019e y\u0131ll\u0131k 32 milyon metrek\u00fcp ilave su sa\u011flama projesine tepkiler giderek b\u00fcy\u00fcyor. Manisa\u2019dan \u0130zmir\u2019e verilen su sorununa \u00e7\u00f6z\u00fcm bekleyen \u00fcreticiler ad\u0131na Manisa Ticaret Borsas\u0131 Ba\u015fkan\u0131 Sad\u0131k \u00d6zkasap, Saruhanl\u0131 Belediye Ba\u015fkan\u0131 Ekrem C\u0131ll\u0131 ve Saruhanl\u0131 Ziraat Odas\u0131 Ba\u015fkan\u0131 Aydo\u011fan Okur ile Manisa Ziraat Odas\u0131 Ba\u015fkan\u0131 H\u00fcseyin Alt\u0131nda\u011f, Manisa Valisi Vahdettin \u00d6zkan\u2019\u0131 makam\u0131nda ziyaret etti. Ya\u015fanan sorun hakk\u0131nda Vali \u00d6zkan\u2019a bilgi veren heyet ayr\u0131ca ge\u00e7ti\u011fimiz hafta ba\u015flat\u0131lan imza kampanyas\u0131 kapsam\u0131nda toplanan 8 bin imzan\u0131n bulundu\u011fu dosyay\u0131 da Vali \u00d6zkan\u2019a takdim etti.<br \/>\n<br \/>Yakla\u015f\u0131k 1 saat s\u00fcren g\u00f6r\u00fc\u015fmenin ard\u0131ndan Valilikten \u00e7\u0131kt\u0131ktan sonra de\u011ferlendirme yapan Manisa Ticaret Borsas\u0131 Ba\u015fkan\u0131 Sad\u0131k \u00d6zkasap, Manisa\u2019dan \u0130zmir\u2019e su verilmesine y\u00f6nelik sorunun Vali Vahdettin \u00d6zkan\u2019a \u0130lettiklerini s\u00f6yledi. Ba\u015fkan \u00d6zkasap, &#8220;Saruhanl\u0131 Belediye Ba\u015fkan\u0131m\u0131z, Manisa ve Saruhanl\u0131 Ziraat Odas\u0131 Ba\u015fkanlar\u0131m\u0131zla; Valimize halk\u0131m\u0131z\u0131n sorunlar\u0131n\u0131 anlatt\u0131k. Ciddi bir \u015fekilde d\u00fcnyada ya\u015fanan bu iklim kriziyle ilgili zaten s\u0131k\u0131nt\u0131lar ya\u015f\u0131yoruz. Ama Manisa b\u00f6lgemizde de gerek G\u00f6rdes Baraj\u0131, Sar\u0131k\u0131z ve G\u00f6ksu taraf\u0131ndan da ciddi bir \u015fekilde \u0130zmir\u2019e su bas\u0131l\u0131yor. Bu bas\u0131lan sular 7 g\u00fcn 24 saat devaml\u0131 \u0130zmir\u2019e pompalan\u0131yor. Ama bu zamanda da art\u0131k bizim g\u0131da arz\u0131n\u0131 da ve tar\u0131m\u0131n gelece\u011fini d\u00fc\u015f\u00fcnerek sular\u0131n gittik\u00e7e a\u015fa\u011f\u0131 d\u00fc\u015fmesi ve mevcut olan barajlar\u0131m\u0131zdan Demirk\u00f6pr\u00fc\u2019deki su kapasitesinin d\u00fc\u015f\u00fckl\u00fc\u011f\u00fc \u00e7ift\u00e7imizi ciddi \u015fekilde huzursuz etmi\u015ftir. Bu konuyla ilgili \u00e7al\u0131\u015fmalar\u0131m\u0131z\u0131 Say\u0131n Valimize aktard\u0131k. Sonu\u00e7la ilgili \u00f6n\u00fcm\u00fczdeki hafta DS\u0130\u2019den genel olarak bir g\u00f6r\u00fc\u015f bilgisi alaca\u011f\u0131z. Arkada\u015flar\u0131m\u0131zla tekrar yine \u00f6n\u00fcm\u00fczdeki hafta bulu\u015faca\u011f\u0131z&#8221; dedi.<\/p>\n<p>&#8220;45 y\u0131ld\u0131r su veriyoruz art\u0131k bizde de kalmad\u0131&#8221;<br \/>\n<br \/>Saruhanl\u0131 il\u00e7esinde yer alan Sar\u0131k\u0131z\u2019dan 45 y\u0131ldan bu yana \u0130zmir\u2019e su verildi\u011fini vurgulayan Saruhanl\u0131 Belediye Ba\u015fkan\u0131 Ekrem C\u0131ll\u0131 ise &#8220;Bu konu art\u0131k Valimize kadar da aksetti. Bug\u00fcn Valimizi, Manisa Ticaret Borsas\u0131 Ba\u015fkan\u0131m\u0131z, Manisa ve Saruhanl\u0131 Ziraat Odalar\u0131 Ba\u015fkanlar\u0131m\u0131zla birlikte ziyaret edip bu konunun art\u0131k \u00f6nemini arz ettik. 1984 y\u0131l\u0131nda yap\u0131lan anla\u015fmalar gere\u011fi insan\u0131 ihtiya\u00e7lar nam\u0131na suyumuz verilmi\u015f ama hani derler ya art\u0131k bizde de kalmad\u0131. Art\u0131k Saruhanl\u0131\u2019da da su kalmad\u0131. \u0130zmir\u2019in bizi anlay\u0131\u015fla kar\u015f\u0131layaca\u011f\u0131n\u0131 \u00fcmit ediyoruz. Ve bunu denizden su ar\u0131tarak kendi ihtiya\u00e7lar\u0131n\u0131 kar\u015f\u0131layaca\u011f\u0131n\u0131 \u00fcmit ediyoruz. Durumu valili\u011fine aksettirdik. \u0130nsanl\u0131k nam\u0131na verdi\u011fimiz suyu art\u0131k biz de insanl\u0131k nam\u0131na bizde kalmas\u0131n\u0131 istiyoruz&#8221; diye konu\u015ftu.<\/p>\n<p>Kampanyada toplanan 8 bin imza Vali\u2019ye iletildi<br \/>\n<br \/>Ge\u00e7ti\u011fimiz hafta i\u00e7erisinde ba\u015flat\u0131lan imza kampanyas\u0131 kapsam\u0131nda toplanan yakla\u015f\u0131k 8 bin imzan\u0131n yer ald\u0131\u011f\u0131 dosyay\u0131 Vali \u00d6zkan\u2019a \u0130lettiklerini kaydeden Saruhanl\u0131 Ziraat Odas\u0131 Ba\u015fkan\u0131 Aydo\u011fan Okur, &#8220;Valimiz de bu konuda duyarl\u0131 olaca\u011f\u0131n\u0131 s\u00f6yledi. Burada bir insani yard\u0131m deniliyor ama \u0130zmir\u2019e verirlerse o zaman bizim il\u00e7emizdeki insanlar ne olacak. Biz kendimiz ne yapaca\u011f\u0131z o zaman? Bir de tar\u0131mda da b\u00fcy\u00fck s\u0131k\u0131nt\u0131 ya\u015fan\u0131yor. Barajlarda \u015fu seviyesi d\u00fc\u015f\u00fck. G\u00f6rdes Baraj\u0131\u2019n\u0131n suyu \u0130zmir\u2019e g\u00f6nderiliyor. Sar\u0131k\u0131z sulamalar\u0131ndan \u0130zmir\u2019e su g\u00f6nderiliyor. G\u00f6ksu\u2019dan \u0130zmir\u2019e su g\u00f6nderiliyor. Demirk\u00f6pr\u00fc Baraj\u0131\u2019ndan \u0130zmir\u2019e su g\u00f6nderiliyor. Biz ne yapaca\u011f\u0131z Manisa olarak? Ne ekilecek? Bak\u0131n 300 bin dekar arazi var ekilecek, su yok kurakl\u0131k vuracak. Biz bunun alt\u0131ndan kalkamay\u0131z. Bu \u00e7ift\u00e7i, bunun alt\u0131ndan kalkamaz zaten. K\u0131t kanaat ge\u00e7iren bir \u00e7ift\u00e7i tabakam\u0131z var. Bunun alt\u0131ndan kalkamay\u0131z&#8221; dedi.<\/p>\n<p>&#8220;Su yoksa \u00e7ift\u00e7i \u00fcr\u00fcn ekimi i\u00e7in masraf yapmas\u0131n&#8221;<br \/>\n<br \/>Manisa Ziraat Odas\u0131 Ba\u015fkan\u0131 H\u00fcseyin Alt\u0131nda\u011f\u2019da ya\u015fanan su sorununu \u00fcreticiler ad\u0131na Valili\u011fe \u0130lettiklerini belrterek, s\u0131k\u0131nt\u0131lar\u0131 anlatt\u0131klar\u0131n\u0131 vurgulad\u0131. Ba\u015fkan Alt\u0131nda\u011f, &#8220;Bug\u00fcn Valimize b\u00f6lgemizde ya\u015fanan su s\u0131k\u0131nt\u0131lar\u0131n\u0131 dile getirdik. \u00c7ift\u00e7imiz \u00e7ok endi\u015feli. Tabii biliyorsun bug\u00fcnlerde yn\u0131 sezon i\u00e7in haz\u0131rl\u0131klar ba\u015flad\u0131. \u00c7ift\u00e7imizin i\u015fleri ba\u015flad\u0131, bunun mazotu, g\u00fcbresi, i\u015flenmesi, \u00e7apas\u0131 derken, sonuna gelip su kesiliverilse bu kadar yap\u0131lm\u0131\u015f olan masraf bo\u015fa gidecek. Onun i\u00e7in \u00e7ift\u00e7imiz \u00e7ok bu konuda endi\u015feli. Bize gerekli makamlara milletvekillerine olsun, DS\u0130 olsun, say\u0131n valimize bug\u00fcn \u00e7\u0131kt\u0131k. Bunlar\u0131 ilettik. \u00d6n\u00fcm\u00fczdeki g\u00fcnlerde bir s\u0131k\u0131nt\u0131 ya\u015famamak i\u00e7in bu \u0130zmir\u2019e giden suyun azalt\u0131lmas\u0131 veya durdurulmas\u0131 y\u00f6n\u00fcnde. Ba\u015fvurumuzu yap\u0131yoruz gerekli makamlara. Tabii burada barajlar\u0131m\u0131zda bu sene su yok. Ya\u011f\u0131\u015flar az. Yer alt\u0131 sular\u0131 da \u00e7ekilirse bu sefer \u00e7ift\u00e7i belli bir zamandan sonra s\u0131k\u0131nt\u0131ya girecek. Yani ba\u015fta s\u0131k\u0131nt\u0131ya girmeden \u015fu sorunu \u00e7\u00f6z\u00fclmeli, \u015fu var ya da yok denilse vatanda\u015fa o zaman belki masraf yapmayacak. Ama masraf yap\u0131p da son anda su gelmedi\u011fi zaman b\u00fct\u00fcn emek ve masraf bo\u015fa gidecek. Yani o y\u00fczden t\u00fcm yetkililere buradan seslenmek istiyorum. Bir an \u00f6nce \u00f6nlemimizi almam\u0131z laz\u0131m&#8221; dedi.<br \/><\/p>\n","protected":false},"excerpt":{"rendered":"<p>Manisa\u2019n\u0131n Sar\u0131k\u0131z ve G\u00f6ksu b\u00f6lgelerinde \u0130ZSU Genel M\u00fcd\u00fcrl\u00fc\u011f\u00fcn\u00fcn 11 yeni su kuyusu a\u00e7arak \u0130zmir\u2019e y\u0131lda 32 milyon metrek\u00fcp ilave su kayna\u011f\u0131 sa\u011flanmas\u0131n\u0131n Manisa tar\u0131m\u0131n\u0131 olumsuz etkilenece\u011fi endi\u015fesiyle Manisa Ticaret Borsas\u0131 Ba\u015fkan\u0131 Sad\u0131k \u00d6zkasap, Saruhanl\u0131 Belediye Ba\u015fkan\u0131 Ekrem C\u0131ll\u0131 ve Saruhanl\u0131 Ziraat Odas\u0131 Ba\u015fkan\u0131 Aydo\u011fan Okur ile Manisa Ziraat Odas\u0131 Ba\u015fkan\u0131 H\u00fcseyin Alt\u0131nda\u011f, Manisa Valisi Vahdettin&#8230;<\/p>\n","protected":false},"author":1,"featured_media":25350,"comment_status":"open","ping_status":"open","sticky":false,"template":"","format":"standard","meta":{"_crdt_document":"","footnotes":""},"categories":[1],"tags":[],"class_list":["post-25349","post","type-post","status-publish","format-standard","has-post-thumbnail","hentry","category-guncel"],"_links":{"self":[{"href":"https:\/\/www.egemtv.com\/index.php?rest_route=\/wp\/v2\/posts\/25349","targetHints":{"allow":["GET"]}}],"collection":[{"href":"https:\/\/www.egemtv.com\/index.php?rest_route=\/wp\/v2\/posts"}],"about":[{"href":"https:\/\/www.egemtv.com\/index.php?rest_route=\/wp\/v2\/types\/post"}],"author":[{"embeddable":true,"href":"https:\/\/www.egemtv.com\/index.php?rest_route=\/wp\/v2\/users\/1"}],"replies":[{"embeddable":true,"href":"https:\/\/www.egemtv.com\/index.php?rest_route=%2Fwp%2Fv2%2Fcomments&post=25349"}],"version-history":[{"count":1,"href":"https:\/\/www.egemtv.com\/index.php?rest_route=\/wp\/v2\/posts\/25349\/revisions"}],"predecessor-version":[{"id":25351,"href":"https:\/\/www.egemtv.com\/index.php?rest_route=\/wp\/v2\/posts\/25349\/revisions\/25351"}],"wp:featuredmedia":[{"embeddable":true,"href":"https:\/\/www.egemtv.com\/index.php?rest_route=\/wp\/v2\/media\/25350"}],"wp:attachment":[{"href":"https:\/\/www.egemtv.com\/index.php?rest_route=%2Fwp%2Fv2%2Fmedia&parent=25349"}],"wp:term":[{"taxonomy":"category","embeddable":true,"href":"https:\/\/www.egemtv.com\/index.php?rest_route=%2Fwp%2Fv2%2Fcategories&post=25349"},{"taxonomy":"post_tag","embeddable":true,"href":"https:\/\/www.egemtv.com\/index.php?rest_route=%2Fwp%2Fv2%2Ftags&post=25349"}],"curies":[{"name":"wp","href":"https:\/\/api.w.org\/{rel}","templated":true}]}}