{"id":25346,"date":"2025-03-20T09:42:10","date_gmt":"2025-03-20T06:42:10","guid":{"rendered":"https:\/\/www.egemtv.com\/?p=25346"},"modified":"2025-03-20T09:42:13","modified_gmt":"2025-03-20T06:42:13","slug":"usak-universitesinden-bir-basari-daha-unideste-tr33-bolgesinde-lider","status":"publish","type":"post","link":"https:\/\/www.egemtv.com\/?p=25346","title":{"rendered":"U\u015fak \u00dcniversitesi\u2019nden bir ba\u015far\u0131 daha: \u00dcN\u0130DES\u2019te TR33 B\u00f6lgesinde lider"},"content":{"rendered":"<p>U\u015fak \u00dcniversitesi ge\u00e7en d\u00f6nem 9 olan \u00dcN\u0130DES deste\u011fini 16\u2019ya \u00e7\u0131kararak bir ba\u015far\u0131ya daha imza att\u0131.<\/p>\n<p>Gen\u00e7lik Hizmetleri Genel M\u00fcd\u00fcrl\u00fc\u011f\u00fc taraf\u0131ndan y\u00fcr\u00fct\u00fclen \u00dcniversite \u00d6\u011frenci Topluluklar\u0131 \u0130\u015f Birli\u011fi ve Destek Program\u0131 (\u00dcN\u0130DES) kapsam\u0131nda, 2024-2025 y\u0131l\u0131 3. d\u00f6nem ba\u015fvuru sonu\u00e7lar\u0131 belli oldu.<\/p>\n<p>Toplam 1945 projenin de\u011ferlendirmeye al\u0131nd\u0131\u011f\u0131 \u00e7a\u011fr\u0131 kapsam\u0131nda 426\u2019s\u0131 ulusal, 881\u2019i yerel olmak \u00fczere toplam bin 307 proje, 81 milyon 470 bin 632 TL destek almaya hak kazand\u0131.<\/p>\n<p>\u00dcN\u0130DES\u2019te b\u00fcy\u00fck art\u0131\u015f: 16 \u00f6\u011frenci toplulu\u011fu hibe ald\u0131<br \/>\n<br \/>U\u015fak \u00dcniversitesi\u2019nin bilim ve teknoloji, g\u00fczel sanatlar, ki\u015fisel ve sosyal geli\u015fim, uluslararas\u0131 \u00e7al\u0131\u015fmalar, kapasite geli\u015ftirme, mesleki geli\u015fim faaliyetleri kapsam\u0131nda ba\u015fvuru yapan toplam 30 projesinden; 5 ulusal, 11 yerel olmak \u00fczere 16 projesi destek alma ba\u015far\u0131s\u0131 g\u00f6sterdi.<\/p>\n<p>U\u015fak \u00dcniversitesi Ege B\u00f6lgesinde ikinci, TR33 b\u00f6lgesinde birinci<br \/>\n<br \/>U\u015fak \u00dcniversitesi Ege B\u00f6lgesi \u00dcniversiteleri aras\u0131nda ikinci, TR33 B\u00f6lgesi \u00dcniversiteleri aras\u0131nda birinci olarak b\u00fcy\u00fck bir ba\u015far\u0131ya daha imza att\u0131.<\/p>\n<p>\u2018\u2018\u00d6\u011frencilerimizin ba\u015far\u0131l\u0131 \u00e7al\u0131\u015fmalar\u0131 gurur veriyor.\u2019\u2019<br \/>\n<br \/>Rekt\u00f6r Prof. Dr. Ekrem Sava\u015f yapt\u0131\u011f\u0131 a\u00e7\u0131klamada \u00dcN\u0130DES\u2019ten destek almaya hak kazanan \u00f6\u011frenci topluluklar\u0131n\u0131 tebrik ederek, &#8220;\u00d6\u011frencilerimizin \u00fclkemizin gelece\u011fi i\u00e7in bu denli anlaml\u0131 projeler \u00fcretmeleri bizleri gururland\u0131r\u0131yor. Bu projeler, gen\u00e7lerimizin sadece bireysel geli\u015fimlerine katk\u0131 sunmakla kalm\u0131yor, ayn\u0131 zamanda toplumsal fayda sa\u011flamalar\u0131na da vesile oluyor. U\u015fak \u00dcniversitesi olarak \u00f6\u011frencilerimizin sosyal sorumluluk bilinciyle hareket etmelerini, yenilik\u00e7i fikirlerini projelendirerek hayata ge\u00e7irmelerini son derece \u00f6nemsiyoruz. \u00dcniversite b\u00fcnyesindeki proje k\u00fclt\u00fcr\u00fcn\u00fc daha da geli\u015ftirmek, \u00f6\u011frencilerimizin proje yazma, y\u00f6netme ve uygulama konular\u0131nda yetkinlik kazanmalar\u0131n\u0131 sa\u011flamak i\u00e7in \u00e7al\u0131\u015fmalar\u0131m\u0131za devam edece\u011fiz. Bu s\u00fcre\u00e7te onlara rehberlik eden akademik dan\u0131\u015fmanlar\u0131m\u0131za ve eme\u011fi ge\u00e7en herkese te\u015fekk\u00fcr ediyorum. \u00d6\u011frencilerimizi ba\u015far\u0131lar\u0131ndan dolay\u0131 kutluyor, gelecekte daha b\u00fcy\u00fck projelere imza atacaklar\u0131na y\u00fcrekten inan\u0131yorum.&#8221; dedi.<br \/><\/p>\n","protected":false},"excerpt":{"rendered":"<p>U\u015fak \u00dcniversitesi ge\u00e7en d\u00f6nem 9 olan \u00dcN\u0130DES deste\u011fini 16\u2019ya \u00e7\u0131kararak bir ba\u015far\u0131ya daha imza att\u0131. Gen\u00e7lik Hizmetleri Genel M\u00fcd\u00fcrl\u00fc\u011f\u00fc taraf\u0131ndan y\u00fcr\u00fct\u00fclen \u00dcniversite \u00d6\u011frenci Topluluklar\u0131 \u0130\u015f Birli\u011fi ve Destek Program\u0131 (\u00dcN\u0130DES) kapsam\u0131nda, 2024-2025 y\u0131l\u0131 3. d\u00f6nem ba\u015fvuru sonu\u00e7lar\u0131 belli oldu. Toplam 1945 projenin de\u011ferlendirmeye al\u0131nd\u0131\u011f\u0131 \u00e7a\u011fr\u0131 kapsam\u0131nda 426\u2019s\u0131 ulusal, 881\u2019i yerel olmak \u00fczere toplam bin 307&#8230;<\/p>\n","protected":false},"author":1,"featured_media":25347,"comment_status":"open","ping_status":"open","sticky":false,"template":"","format":"standard","meta":{"_crdt_document":"","footnotes":""},"categories":[1],"tags":[],"class_list":["post-25346","post","type-post","status-publish","format-standard","has-post-thumbnail","hentry","category-guncel"],"_links":{"self":[{"href":"https:\/\/www.egemtv.com\/index.php?rest_route=\/wp\/v2\/posts\/25346","targetHints":{"allow":["GET"]}}],"collection":[{"href":"https:\/\/www.egemtv.com\/index.php?rest_route=\/wp\/v2\/posts"}],"about":[{"href":"https:\/\/www.egemtv.com\/index.php?rest_route=\/wp\/v2\/types\/post"}],"author":[{"embeddable":true,"href":"https:\/\/www.egemtv.com\/index.php?rest_route=\/wp\/v2\/users\/1"}],"replies":[{"embeddable":true,"href":"https:\/\/www.egemtv.com\/index.php?rest_route=%2Fwp%2Fv2%2Fcomments&post=25346"}],"version-history":[{"count":1,"href":"https:\/\/www.egemtv.com\/index.php?rest_route=\/wp\/v2\/posts\/25346\/revisions"}],"predecessor-version":[{"id":25348,"href":"https:\/\/www.egemtv.com\/index.php?rest_route=\/wp\/v2\/posts\/25346\/revisions\/25348"}],"wp:featuredmedia":[{"embeddable":true,"href":"https:\/\/www.egemtv.com\/index.php?rest_route=\/wp\/v2\/media\/25347"}],"wp:attachment":[{"href":"https:\/\/www.egemtv.com\/index.php?rest_route=%2Fwp%2Fv2%2Fmedia&parent=25346"}],"wp:term":[{"taxonomy":"category","embeddable":true,"href":"https:\/\/www.egemtv.com\/index.php?rest_route=%2Fwp%2Fv2%2Fcategories&post=25346"},{"taxonomy":"post_tag","embeddable":true,"href":"https:\/\/www.egemtv.com\/index.php?rest_route=%2Fwp%2Fv2%2Ftags&post=25346"}],"curies":[{"name":"wp","href":"https:\/\/api.w.org\/{rel}","templated":true}]}}