{"id":25343,"date":"2025-03-20T09:42:06","date_gmt":"2025-03-20T06:42:06","guid":{"rendered":"https:\/\/www.egemtv.com\/?p=25343"},"modified":"2025-03-20T09:42:10","modified_gmt":"2025-03-20T06:42:10","slug":"afyonkarahisarin-sinanpasa-ilcesinde-kontrolden-cikarak-tarim-arazisine-devrilen-yolcu-otobusunde-1-kisi-hayatini-kaybetti-25-kisi-yaralandi","status":"publish","type":"post","link":"https:\/\/www.egemtv.com\/?p=25343","title":{"rendered":"Afyonkarahisar\u2019\u0131n Sinanpa\u015fa il\u00e7esinde kontrolden \u00e7\u0131karak tar\u0131m arazisine devrilen yolcu otob\u00fcs\u00fcnde 1 ki\u015fi hayat\u0131n\u0131 kaybetti, 25 ki\u015fi yaraland\u0131."},"content":{"rendered":"<p>Afyonkarahisar\u2019\u0131n Sinanpa\u015fa il\u00e7esinde kontrolden \u00e7\u0131karak tar\u0131m arazisine devrilen yolcu otob\u00fcs\u00fcnde 1 ki\u015fi hayat\u0131n\u0131 kaybetti, 25 ki\u015fi yaraland\u0131.<\/p>\n","protected":false},"excerpt":{"rendered":"<p>Afyonkarahisar\u2019\u0131n Sinanpa\u015fa il\u00e7esinde kontrolden \u00e7\u0131karak tar\u0131m arazisine devrilen yolcu otob\u00fcs\u00fcnde 1 ki\u015fi hayat\u0131n\u0131 kaybetti, 25 ki\u015fi yaraland\u0131.<\/p>\n","protected":false},"author":1,"featured_media":25344,"comment_status":"open","ping_status":"open","sticky":false,"template":"","format":"standard","meta":{"_crdt_document":"","footnotes":""},"categories":[5],"tags":[],"class_list":["post-25343","post","type-post","status-publish","format-standard","has-post-thumbnail","hentry","category-asayis"],"_links":{"self":[{"href":"https:\/\/www.egemtv.com\/index.php?rest_route=\/wp\/v2\/posts\/25343","targetHints":{"allow":["GET"]}}],"collection":[{"href":"https:\/\/www.egemtv.com\/index.php?rest_route=\/wp\/v2\/posts"}],"about":[{"href":"https:\/\/www.egemtv.com\/index.php?rest_route=\/wp\/v2\/types\/post"}],"author":[{"embeddable":true,"href":"https:\/\/www.egemtv.com\/index.php?rest_route=\/wp\/v2\/users\/1"}],"replies":[{"embeddable":true,"href":"https:\/\/www.egemtv.com\/index.php?rest_route=%2Fwp%2Fv2%2Fcomments&post=25343"}],"version-history":[{"count":1,"href":"https:\/\/www.egemtv.com\/index.php?rest_route=\/wp\/v2\/posts\/25343\/revisions"}],"predecessor-version":[{"id":25345,"href":"https:\/\/www.egemtv.com\/index.php?rest_route=\/wp\/v2\/posts\/25343\/revisions\/25345"}],"wp:featuredmedia":[{"embeddable":true,"href":"https:\/\/www.egemtv.com\/index.php?rest_route=\/wp\/v2\/media\/25344"}],"wp:attachment":[{"href":"https:\/\/www.egemtv.com\/index.php?rest_route=%2Fwp%2Fv2%2Fmedia&parent=25343"}],"wp:term":[{"taxonomy":"category","embeddable":true,"href":"https:\/\/www.egemtv.com\/index.php?rest_route=%2Fwp%2Fv2%2Fcategories&post=25343"},{"taxonomy":"post_tag","embeddable":true,"href":"https:\/\/www.egemtv.com\/index.php?rest_route=%2Fwp%2Fv2%2Ftags&post=25343"}],"curies":[{"name":"wp","href":"https:\/\/api.w.org\/{rel}","templated":true}]}}